{"id":5442,"date":"2015-10-03T19:14:07","date_gmt":"2015-10-03T17:14:07","guid":{"rendered":"http:\/\/poetamatusel.com\/?p=4961"},"modified":"2015-10-03T19:14:07","modified_gmt":"2015-10-03T17:14:07","slug":"mare-nostrum-la-nostra-vergogna","status":"publish","type":"post","link":"https:\/\/www.poetamatusel.org\/?p=5442","title":{"rendered":"MARE NOSTRUM? LA NOSTRA VERGOGNA!"},"content":{"rendered":"<p>&nbsp;<\/p>\n<table width=\"999\" border=\"0\" cellpadding=\"2\" cellspacing=\"0\">\n<tbody>\n<p><a href=\"https:\/\/www.poetamatusel.org\/wp-content\/uploads\/2015\/10\/spiaggia-caorlotta-deserta-allimbrunire-foto-guido-comin-poetamatusel.jpg\"><img loading=\"lazy\" decoding=\"async\" src=\"https:\/\/www.poetamatusel.org\/wp-content\/uploads\/2015\/10\/spiaggia-caorlotta-deserta-allimbrunire-foto-guido-comin-poetamatusel.jpg?w=640\" title=\"Falsa tranquillit\u00e0 in riva al mare - Foto Guido Comin PoetaMatus\u00e8l\" width=\"640\" height=\"405\" class=\"alignleft size-large wp-image-4962\" \/><\/a><\/p>\n<tr>\n<td valign=\"top\" width=\"999\"><\/td>\n<\/tr>\n<\/tbody>\n<\/table>\n<p>&nbsp;<\/p>\n<p style=\"padding-left:140px;\"><em>Dedicata ai troppi Bimbi<br \/>\nannegati nel Mediterraneo <\/em><\/p>\n<p>&nbsp;<\/p>\n<p style=\"padding-left:40px;\">Non \u00e8 la stanchezza, \u00e8 l\u2019afa che uccide i pensieri,<br \/>\noppure risveglia i peggiori, sopiti da lungo tempo.<br \/>\nDomani \u00e8 un altro giorno, ma non uno qualunque.<br \/>\nIo nell\u2019attesa mi faccio un fresco gelato al limone!<br \/>\nQuarto piano, terrazza, vecchia sdraio. Regalata.<br \/>\nGuardo il cielo, aspettando la pioggia, ma nuvole<br \/>\nsparse promettono poco, a quest\u2019ora, quando i lesti<br \/>\ngabbiani riposano ormai e la musica arriva quass\u00f9<br \/>\ndal bar dove tu stai con coloro che tu chiami amici.<br \/>\nE il vento dall\u2019ovest \u00e8 muto di urla di bimbi felici,<br \/>\nche cavalcano enormi altalene e mangiano sabbia;<br \/>\nmentre bimbi diversi non gridano n\u00e9 grideranno<br \/>\nmai pi\u00f9, in questo mondo schifoso, da cui certo<br \/>\ndovrebbero arrivare alle stelle le urla di popoli<br \/>\ninteri, che gridassero a squarciagola all\u2019unisono,<br \/>\nverso d\u00e8i noncuranti che tacciono ad oltranza,<br \/>\nun\u2019unica forte parola, otto chiarissime lettere:<br \/>\nVERGOGNA! VERGOGNA! <strong>VERGOGNA!<\/strong>  <\/p>\n<p>&nbsp;<\/p>\n<p>&nbsp;<\/p>\n<table width=\"999\" border=\"0\" cellpadding=\"2\" cellspacing=\"0\">\n<tbody>\n<p><a href=\"https:\/\/www.poetamatusel.org\/wp-content\/uploads\/2015\/10\/tramonto-di-gabbiani-foto-guido-comin-poetamatusel.jpg\"><img loading=\"lazy\" decoding=\"async\" src=\"https:\/\/www.poetamatusel.org\/wp-content\/uploads\/2015\/10\/tramonto-di-gabbiani-foto-guido-comin-poetamatusel.jpg?w=640\" title=\"Giovani anime spiccano il volo - Foto Guido Comin PoetaMatus\u00e8l\" width=\"640\" height=\"449\" class=\"alignleft size-large wp-image-4963\" \/><\/a><\/p>\n<tr>\n<td valign=\"top\" width=\"999\"><\/td>\n<\/tr>\n<\/tbody>\n<\/table>\n<p>&nbsp;<\/p>\n<p>&nbsp;<\/p>\n<p><a href=\"https:\/\/www.poetamatusel.org\/wp-content\/uploads\/2012\/10\/icon-for-audio-files.jpg\"><img loading=\"lazy\" decoding=\"async\" src=\"https:\/\/www.poetamatusel.org\/wp-content\/uploads\/2012\/10\/icon-for-audio-files.jpg\" alt=\"\" title=\"AUDIO * FILE * AUDIO\" width=\"35\" height=\"35\" class=\"alignleft wp-image-2897\" \/><\/a>  <strong>PoetaMatus\u00e8l legge<br \/>\nMARE NOSTRUM? LA NOSTRA VERGOGNA!<\/strong>  <\/p>\n<audio class=\"wp-audio-shortcode\" id=\"audio-5442-1\" preload=\"none\" style=\"width: 100%;\" controls=\"controls\"><source type=\"audio\/mpeg\" src=\"https:\/\/www.poetamatusel.org\/wp-content\/uploads\/2015\/10\/mare-nostrum.mp3?_=1\" \/><a href=\"https:\/\/www.poetamatusel.org\/wp-content\/uploads\/2015\/10\/mare-nostrum.mp3\">https:\/\/www.poetamatusel.org\/wp-content\/uploads\/2015\/10\/mare-nostrum.mp3<\/a><\/audio>\n<p>&nbsp;<br \/>\n&nbsp;<br \/>\n&nbsp;<br \/>\n&nbsp;<\/p>\n<p><a href=\"https:\/\/www.poetamatusel.org\/wp-content\/uploads\/2015\/04\/dscn7418.jpg\"><img loading=\"lazy\" decoding=\"async\" src=\"https:\/\/www.poetamatusel.org\/wp-content\/uploads\/2015\/04\/dscn7418.jpg?w=150\" title=\"Primule a primavera - Foto Guido Comin PoetaMatus\u00e8l\" width=\"150\" height=\"113\" class=\"alignleft size-thumbnail wp-image-4839\" \/><\/a> <\/a><\/p>\n<p style=\"padding-left:40px;\"><strong><em>Prezioso Visitatore che mi leggi, un breve commento, anche solo un saluto, scritto qui sotto &#8211; o un &#8216;Mi Piace&#8217; cliccato &#8211; non ti costa che un piccolissimo sforzo, per\u00f2 far\u00e0 un GRANDE piacere a me, quando lo legger\u00f2! Grazie. <\/em> &nbsp; :O)<\/strong> <\/p>\n<p>&nbsp;<\/p>\n<p style=\"padding-top:150px;\">\n<p><span style=\"font-family:'Arial Narrow Special G1';font-size:small;\">Copyright \u00a9 2015 Guido Comin PoetaMatus\u00e8l &#8211;  Belluno, Italy. All rights reserved.<\/span><\/p>\n<p>&nbsp;<\/p>\n<p>&nbsp;<\/p>\n<p>&nbsp;<\/p>\n<p>.<\/p>\n","protected":false},"excerpt":{"rendered":"<p>&nbsp; &nbsp; Dedicata ai troppi Bimbi annegati nel Mediterraneo &nbsp; Non \u00e8 la stanchezza, \u00e8 l\u2019afa che uccide i pensieri, oppure risveglia i peggiori, sopiti da lungo tempo. Domani \u00e8 un altro giorno, ma non uno qualunque. Io nell\u2019attesa mi faccio un fresco gelato al limone! Quarto piano, terrazza, vecchia sdraio. Regalata. Guardo il cielo, [&hellip;]<\/p>\n","protected":false},"author":1,"featured_media":0,"comment_status":"open","ping_status":"open","sticky":false,"template":"","format":"standard","meta":{"footnotes":""},"categories":[5,13,6],"tags":[154,339,750,943,1691,1728,1761,1816,1821,2958,3092],"class_list":["post-5442","post","type-post","status-publish","format-standard","hentry","category-poesia-contemporanea-2","category-poesia-italiana","category-poetry-poesia","tag-annegamenti","tag-bimbi","tag-dei-assenti","tag-esodo","tag-mare-nostrum","tag-mediterraneo","tag-migranti","tag-morte","tag-morti-infantili","tag-tragedia","tag-vergogna"],"_links":{"self":[{"href":"https:\/\/www.poetamatusel.org\/index.php?rest_route=\/wp\/v2\/posts\/5442","targetHints":{"allow":["GET"]}}],"collection":[{"href":"https:\/\/www.poetamatusel.org\/index.php?rest_route=\/wp\/v2\/posts"}],"about":[{"href":"https:\/\/www.poetamatusel.org\/index.php?rest_route=\/wp\/v2\/types\/post"}],"author":[{"embeddable":true,"href":"https:\/\/www.poetamatusel.org\/index.php?rest_route=\/wp\/v2\/users\/1"}],"replies":[{"embeddable":true,"href":"https:\/\/www.poetamatusel.org\/index.php?rest_route=%2Fwp%2Fv2%2Fcomments&post=5442"}],"version-history":[{"count":0,"href":"https:\/\/www.poetamatusel.org\/index.php?rest_route=\/wp\/v2\/posts\/5442\/revisions"}],"wp:attachment":[{"href":"https:\/\/www.poetamatusel.org\/index.php?rest_route=%2Fwp%2Fv2%2Fmedia&parent=5442"}],"wp:term":[{"taxonomy":"category","embeddable":true,"href":"https:\/\/www.poetamatusel.org\/index.php?rest_route=%2Fwp%2Fv2%2Fcategories&post=5442"},{"taxonomy":"post_tag","embeddable":true,"href":"https:\/\/www.poetamatusel.org\/index.php?rest_route=%2Fwp%2Fv2%2Ftags&post=5442"}],"curies":[{"name":"wp","href":"https:\/\/api.w.org\/{rel}","templated":true}]}}