{"id":5434,"date":"2015-08-22T09:38:31","date_gmt":"2015-08-22T07:38:31","guid":{"rendered":"http:\/\/poetamatusel.com\/?p=4929"},"modified":"2015-08-22T09:38:31","modified_gmt":"2015-08-22T07:38:31","slug":"la-solitudine-del-portiere-di-notte","status":"publish","type":"post","link":"https:\/\/www.poetamatusel.org\/?p=5434","title":{"rendered":"LA SOLITUDINE DEL PORTIERE DI NOTTE"},"content":{"rendered":"<p>&nbsp;<\/p>\n<table width=\"999\" border=\"0\" cellpadding=\"2\" cellspacing=\"0\">\n<tbody>\n<p><a href=\"https:\/\/www.poetamatusel.org\/wp-content\/uploads\/2015\/08\/solitudine-del-portiere-di-notte-foto-guido-comin-poetamatusel.jpg\"><img loading=\"lazy\" decoding=\"async\" src=\"https:\/\/www.poetamatusel.org\/wp-content\/uploads\/2015\/08\/solitudine-del-portiere-di-notte-foto-guido-comin-poetamatusel.jpg?w=660\" title=\"Solitudine del portiere di notte - Foto Guido Comin PoetaMatus\u00e8l\" width=\"660\" height=\"487\" class=\"alignleft size-large wp-image-4930\" \/><\/a><\/p>\n<tr>\n<td valign=\"top\" width=\"999\"><\/td>\n<\/tr>\n<\/tbody>\n<\/table>\n<p>&nbsp;<\/p>\n<p style=\"padding-left:140px;\"><em>Dedicata a Me Stesso<\/em> <\/p>\n<p style=\"padding-left:40px;\">Ore 11 e 10: l\u2019ambulanza imbarca l\u2019anziano signore,<br \/>\nassai preoccupata la moglie. (Sar\u00e0 mica un infarto?)<br \/>\nPoi, torna il rumeno che parla l\u2019inglese di Londra,<br \/>\nla moglie ha in braccio la bimba che dorme serena.<br \/>\nAll\u2019una rientra il vegliardo, pi\u00f9 arzillo di prima!<br \/>\nForse pi\u00f9 che la flebo gli ha giovato gustarsi la vista<br \/>\ncon forma di bella infermiera, di fresco qualificata.<br \/>\nAlle 2, precisi, i primi helvetici partono. <em>Deo gratias<\/em>,<br \/>\nsi portano via anche il discolo pargolo urlante, anni 5.<br \/>\nUn\u2019ora, una sola, giusto il tempo di iniziare a sognare,<br \/>\npoi ne arriva un altro di discolo pargolo, pi\u00f9 grande,<br \/>\ncon gli amici chiassosi di sempre; rispetto di nulla.<br \/>\nRisulta che quelli dello Zug (che non \u00e8 un treno)<br \/>\npartiranno anche loro proprio ora, alle 4 e 40,<br \/>\nnon dopo la lauta colazione, come da programma.<br \/>\nMentre il merlo intona, puntuale, la solita <em>aubade<\/em>.<br \/>\nAlla quale poi segue il frastuono monotono e cupo<br \/>\ndelle tortore, che in alto dai pini decorano macchine.<br \/>\nInutile e stupido ancora sperare di chiudere occhio.<br \/>\nAlle 5 \u00e8 giorno ormai fatto e uno spicchio di luna<br \/>\npreannuncia che presto la notte sar\u00e0 tutta buia.<br \/>\nLe surfinie, che di giorno a bordo piscina ne vedon<br \/>\ndi belle e di brutte \u2013 con preponderanza di brutte \u2013<br \/>\ndormono ancora, noncuranti del sole che sorge.<br \/>\nPoco dopo le 6 da improbabili, inutili scale discende<br \/>\nun teutonico angelo vero, soltanto bardato da atleta<br \/>\ne tutt\u2019altro che asessuale (Posso aprirle la porta?)<br \/>\nOra s\u00ec che son sveglio e venisse alla mente un\u2019aria<br \/>\ndi un\u2019opera a caso, sarebbe quella dalla <em>Turandot<\/em>.  <\/p>\n<p>&nbsp;<\/p>\n<p>&nbsp;<\/p>\n<table width=\"999\" border=\"0\" cellpadding=\"2\" cellspacing=\"0\">\n<tbody>\n<p><a href=\"https:\/\/www.poetamatusel.org\/wp-content\/uploads\/2015\/08\/alba-di-surfinie-foto-guido-comin-poetamatusel.jpg\"><img loading=\"lazy\" decoding=\"async\" src=\"https:\/\/www.poetamatusel.org\/wp-content\/uploads\/2015\/08\/alba-di-surfinie-foto-guido-comin-poetamatusel.jpg?w=660\" title=\"L'alba delle surfinie - Foto Guido Comin PoetaMatus\u00e8l\" width=\"660\" height=\"495\" class=\"alignleft size-large wp-image-4931\" \/><\/a><\/p>\n<tr>\n<td valign=\"top\" width=\"999\"><\/td>\n<\/tr>\n<\/tbody>\n<\/table>\n<p>&nbsp;<\/p>\n<p>&nbsp;<\/p>\n<p><a href=\"https:\/\/www.poetamatusel.org\/wp-content\/uploads\/2012\/10\/icon-for-audio-files.jpg\"><img loading=\"lazy\" decoding=\"async\" src=\"https:\/\/www.poetamatusel.org\/wp-content\/uploads\/2012\/10\/icon-for-audio-files.jpg\" alt=\"\" title=\"AUDIO * FILE * AUDIO\" width=\"35\" height=\"35\" class=\"alignleft wp-image-2897\" \/><\/a>  <strong>PoetaMatus\u00e8l legge<br \/>\nLA SOLITUDINE DEL PORTIERE DI NOTTE<\/strong>  <\/p>\n<audio class=\"wp-audio-shortcode\" id=\"audio-5434-1\" preload=\"none\" style=\"width: 100%;\" controls=\"controls\"><source type=\"audio\/mpeg\" src=\"https:\/\/www.poetamatusel.org\/wp-content\/uploads\/2015\/08\/la-solitudine-del-portiere-di-notte.mp3?_=1\" \/><a href=\"https:\/\/www.poetamatusel.org\/wp-content\/uploads\/2015\/08\/la-solitudine-del-portiere-di-notte.mp3\">https:\/\/www.poetamatusel.org\/wp-content\/uploads\/2015\/08\/la-solitudine-del-portiere-di-notte.mp3<\/a><\/audio>\n<p>&nbsp;<\/p>\n<p>&nbsp;<\/p>\n<p><a href=\"https:\/\/www.poetamatusel.org\/wp-content\/uploads\/2012\/10\/youtube-button.jpg\"><img loading=\"lazy\" decoding=\"async\" src=\"https:\/\/www.poetamatusel.org\/wp-content\/uploads\/2012\/10\/youtube-button.jpg\" alt=\"* YouTube *\" width=\"35\" height=\"32\" class=\"alignleft wp-image-2874\" \/><\/a><br \/>\n<a href=\"https:\/\/www.youtube.com\/watch?v=2kPhboUeZK8\" target=\"_blank\"><strong>Luciano Pavarotti canta &#8220;Nessun dorma&#8221;<\/strong><\/a><\/p>\n<p>&nbsp;<\/p>\n<p>&nbsp;<\/p>\n<table width=\"999\" border=\"0\" cellpadding=\"2\" cellspacing=\"0\">\n<tbody>\n<p><a href=\"https:\/\/www.poetamatusel.org\/wp-content\/uploads\/2015\/08\/luna-sulle-surfinie-foto-guido-comin-poetamatusel.jpg\"><img loading=\"lazy\" decoding=\"async\" src=\"https:\/\/www.poetamatusel.org\/wp-content\/uploads\/2015\/08\/luna-sulle-surfinie-foto-guido-comin-poetamatusel.jpg?w=660\" title=\"Surfinie con spicchio di luna - Foto Guido Comin PoetaMatus\u00e8l\" width=\"660\" height=\"434\" class=\"alignleft size-large wp-image-4932\" \/><\/a><\/p>\n<tr>\n<td valign=\"top\" width=\"999\"><\/td>\n<\/tr>\n<\/tbody>\n<\/table>\n<p>&nbsp;<br \/>\n&nbsp;<br \/>\n&nbsp;<br \/>\n&nbsp;<\/p>\n<p><a href=\"https:\/\/www.poetamatusel.org\/wp-content\/uploads\/2015\/04\/dscn7418.jpg\"><img loading=\"lazy\" decoding=\"async\" src=\"https:\/\/www.poetamatusel.org\/wp-content\/uploads\/2015\/04\/dscn7418.jpg?w=150\" title=\"Primule a primavera - Foto Guido Comin PoetaMatus\u00e8l\" width=\"150\" height=\"113\" class=\"alignleft size-thumbnail wp-image-4839\" \/><\/a> <\/a><\/p>\n<p style=\"padding-left:40px;\"><strong><em>Prezioso Visitatore che mi leggi, un breve commento, anche solo un saluto, scritto qui sotto &#8211; o un &#8216;Mi Piace&#8217; cliccato &#8211; non ti costa che un piccolissimo sforzo, per\u00f2 far\u00e0 un GRANDE piacere a me, quando lo legger\u00f2! Grazie. <\/em> &nbsp; :O)<\/strong> <\/p>\n<p>&nbsp;<\/p>\n<p style=\"padding-top:150px;\">\n<p><span style=\"font-family:'Arial Narrow Special G1';font-size:small;\">Copyright \u00a9 2015 Guido Comin PoetaMatus\u00e8l &#8211;  Belluno, Italy. All rights reserved.<\/span><\/p>\n<p>&nbsp;<\/p>\n<p>&nbsp;<\/p>\n<p>&nbsp;<\/p>\n<p>.<\/p>\n","protected":false},"excerpt":{"rendered":"<p>&nbsp; &nbsp; Dedicata a Me Stesso Ore 11 e 10: l\u2019ambulanza imbarca l\u2019anziano signore, assai preoccupata la moglie. (Sar\u00e0 mica un infarto?) Poi, torna il rumeno che parla l\u2019inglese di Londra, la moglie ha in braccio la bimba che dorme serena. All\u2019una rientra il vegliardo, pi\u00f9 arzillo di prima! Forse pi\u00f9 che la flebo gli [&hellip;]<\/p>\n","protected":false},"author":1,"featured_media":0,"comment_status":"open","ping_status":"open","sticky":false,"template":"","format":"standard","meta":{"footnotes":""},"categories":[5,13,6],"tags":[78,246,1338,1618,1744,1894,2203,2248,2300,2382,2751,2852,2950,2998],"class_list":["post-5434","post","type-post","status-publish","format-standard","hentry","category-poesia-contemporanea-2","category-poesia-italiana","category-poetry-poesia","tag-albergo","tag-aubade","tag-hotel","tag-luna","tag-merli","tag-nessun-dorma","tag-pini","tag-poesia-ironica","tag-portiere-di-notte","tag-puccini","tag-solitudine","tag-surfinie","tag-tortore","tag-turandot"],"_links":{"self":[{"href":"https:\/\/www.poetamatusel.org\/index.php?rest_route=\/wp\/v2\/posts\/5434","targetHints":{"allow":["GET"]}}],"collection":[{"href":"https:\/\/www.poetamatusel.org\/index.php?rest_route=\/wp\/v2\/posts"}],"about":[{"href":"https:\/\/www.poetamatusel.org\/index.php?rest_route=\/wp\/v2\/types\/post"}],"author":[{"embeddable":true,"href":"https:\/\/www.poetamatusel.org\/index.php?rest_route=\/wp\/v2\/users\/1"}],"replies":[{"embeddable":true,"href":"https:\/\/www.poetamatusel.org\/index.php?rest_route=%2Fwp%2Fv2%2Fcomments&post=5434"}],"version-history":[{"count":0,"href":"https:\/\/www.poetamatusel.org\/index.php?rest_route=\/wp\/v2\/posts\/5434\/revisions"}],"wp:attachment":[{"href":"https:\/\/www.poetamatusel.org\/index.php?rest_route=%2Fwp%2Fv2%2Fmedia&parent=5434"}],"wp:term":[{"taxonomy":"category","embeddable":true,"href":"https:\/\/www.poetamatusel.org\/index.php?rest_route=%2Fwp%2Fv2%2Fcategories&post=5434"},{"taxonomy":"post_tag","embeddable":true,"href":"https:\/\/www.poetamatusel.org\/index.php?rest_route=%2Fwp%2Fv2%2Ftags&post=5434"}],"curies":[{"name":"wp","href":"https:\/\/api.w.org\/{rel}","templated":true}]}}