{"id":5304,"date":"2015-08-15T09:56:59","date_gmt":"2015-08-15T07:56:59","guid":{"rendered":"http:\/\/poetamatusel.com\/?p=4917"},"modified":"2015-08-15T09:56:59","modified_gmt":"2015-08-15T07:56:59","slug":"bora-di-giorni-beati","status":"publish","type":"post","link":"https:\/\/www.poetamatusel.org\/?p=5304","title":{"rendered":"BORA DI GIORNI BEATI"},"content":{"rendered":"<p>&nbsp;<\/p>\n<table width=\"999\" border=\"0\" cellpadding=\"2\" cellspacing=\"0\">\n<tbody>\n<p><a href=\"https:\/\/www.poetamatusel.org\/wp-content\/uploads\/2015\/08\/notte-di-bora-in-spiaggia-foto-guido-comin-poetamatusel.jpg\"><img loading=\"lazy\" decoding=\"async\" src=\"https:\/\/www.poetamatusel.org\/wp-content\/uploads\/2015\/08\/notte-di-bora-in-spiaggia-foto-guido-comin-poetamatusel.jpg?w=660\" title=\"Notte di bora in spiaggia - Foto Guido Comin PoetaMatus\u00e8l\" width=\"660\" height=\"447\" class=\"alignleft size-large wp-image-4918\" \/><\/a><\/p>\n<tr>\n<td valign=\"top\" width=\"999\"><\/td>\n<\/tr>\n<\/tbody>\n<\/table>\n<p>&nbsp;<\/p>\n<p style=\"padding-left:140px;\"><em>A Norma V.<\/em><\/p>\n<p>&nbsp;<\/p>\n<p style=\"padding-left:40px;\">Il vento dell\u2019est questa notte,<br \/>\nche sferza con cavi pennoni,<br \/>\nfacendoli urlare di rabbia,<br \/>\nricorda notti molto lontane<br \/>\nvegliate nel porto, a Trieste,<br \/>\nquando la bora incessante<br \/>\nspazzava l\u2019Androna Baciocchi.<br \/>\nAnime in pena di monsignori<br \/>\npullulavano in vuoti passaggi;<br \/>\nio sognavo biondissime figlie<br \/>\ndi capitani di lungo corso;<br \/>\ne che il mondo prendesse<br \/>\ndavvero una rotta migliore.<br \/>\nOggi, i sogni ormai restano<br \/>\nrari e la vita si \u00e8 ripresentata<br \/>\ndi nuovo coi panni di prima:<br \/>\nuna sera di semplice serenit\u00e0<br \/>\npu\u00f2 consistere nel modestissimo<br \/>\npiacere di trastullarsi a suonare<br \/>\nper docili cigni e furbi gabbiani<br \/>\n\u2013 in cima ad un molo ventoso \u2013<br \/>\nun\u2019armonica, seduto su massi,<br \/>\nloro del tutto impassibili e muti. <\/p>\n<p>&nbsp;<\/p>\n<p>&nbsp;<\/p>\n<table width=\"999\" border=\"0\" cellpadding=\"2\" cellspacing=\"0\">\n<tbody>\n<p><a href=\"https:\/\/www.poetamatusel.org\/wp-content\/uploads\/2015\/08\/docili-cigni-dellestuario-foto-guido-comin-poetamatusel.jpg\"><img loading=\"lazy\" decoding=\"async\" src=\"https:\/\/www.poetamatusel.org\/wp-content\/uploads\/2015\/08\/docili-cigni-dellestuario-foto-guido-comin-poetamatusel.jpg?w=660\" title=\"Docili cigni dell'estuario - Foto Guido Comin PoetaMatus\u00e8l\" width=\"660\" height=\"495\" class=\"alignleft size-large wp-image-4921\" \/><\/a><\/p>\n<tr>\n<td valign=\"top\" width=\"999\"><\/td>\n<\/tr>\n<\/tbody>\n<\/table>\n<p>&nbsp;<\/p>\n<p>&nbsp;<\/p>\n<p><a href=\"https:\/\/www.poetamatusel.org\/wp-content\/uploads\/2012\/10\/icon-for-audio-files.jpg\"><img loading=\"lazy\" decoding=\"async\" src=\"https:\/\/www.poetamatusel.org\/wp-content\/uploads\/2012\/10\/icon-for-audio-files.jpg\" alt=\"\" title=\"AUDIO * FILE * AUDIO\" width=\"35\" height=\"35\" class=\"alignleft wp-image-2897\" \/><\/a>  <strong>PoetaMatus\u00e8l legge<br \/>\nBORA DI GIORNI BEATI<\/strong>  <\/p>\n<audio class=\"wp-audio-shortcode\" id=\"audio-5304-1\" preload=\"none\" style=\"width: 100%;\" controls=\"controls\"><source type=\"audio\/mpeg\" src=\"https:\/\/www.poetamatusel.org\/wp-content\/uploads\/2015\/08\/bora-di-giorni-beati.mp3?_=1\" \/><a href=\"https:\/\/www.poetamatusel.org\/wp-content\/uploads\/2015\/08\/bora-di-giorni-beati.mp3\">https:\/\/www.poetamatusel.org\/wp-content\/uploads\/2015\/08\/bora-di-giorni-beati.mp3<\/a><\/audio>\n<p>&nbsp;<\/p>\n<p>&nbsp;<\/p>\n<table width=\"999\" border=\"0\" cellpadding=\"2\" cellspacing=\"0\">\n<tbody>\n<p><a href=\"https:\/\/www.poetamatusel.org\/wp-content\/uploads\/2015\/08\/locchio-furbo-del-gabbiano-foto-guido-comin-poetamatusel.jpg\"><img loading=\"lazy\" decoding=\"async\" src=\"https:\/\/www.poetamatusel.org\/wp-content\/uploads\/2015\/08\/locchio-furbo-del-gabbiano-foto-guido-comin-poetamatusel.jpg?w=660\" title=\"L'occhio furbo del gabbiano - Foto Guido Comin PoetaMatus\u00e8l\" width=\"660\" height=\"406\" class=\"alignleft size-large wp-image-4923\" \/><\/a><\/p>\n<tr>\n<td valign=\"top\" width=\"999\"><\/td>\n<\/tr>\n<\/tbody>\n<\/table>\n<p>&nbsp;<br \/>\n&nbsp;<br \/>\n&nbsp;<br \/>\n&nbsp;<\/p>\n<p><a href=\"https:\/\/www.poetamatusel.org\/wp-content\/uploads\/2015\/04\/dscn7418.jpg\"><img loading=\"lazy\" decoding=\"async\" src=\"https:\/\/www.poetamatusel.org\/wp-content\/uploads\/2015\/04\/dscn7418.jpg?w=150\" title=\"Primule a primavera - Foto Guido Comin PoetaMatus\u00e8l\" width=\"150\" height=\"113\" class=\"alignleft size-thumbnail wp-image-4839\" \/><\/a> <\/a><\/p>\n<p style=\"padding-left:40px;\"><strong><em>Prezioso Visitatore che mi leggi, un breve commento, anche solo un saluto, scritto qui sotto &#8211; o un &#8216;Mi Piace&#8217; cliccato &#8211; non ti costa che un piccolissimo sforzo, per\u00f2 far\u00e0 un GRANDE piacere a me, quando lo legger\u00f2! Grazie. <\/em> &nbsp; :O)<\/strong> <\/p>\n<p>&nbsp;<\/p>\n<p style=\"padding-top:150px;\">\n<p><span style=\"font-family:'Arial Narrow Special G1';font-size:small;\">Copyright \u00a9 2015 Guido Comin PoetaMatus\u00e8l &#8211;  Belluno, Italy. All rights reserved.<\/span><\/p>\n<p>&nbsp;<\/p>\n<p>&nbsp;<\/p>\n<p>&nbsp;<\/p>\n<p>.<\/p>\n","protected":false},"excerpt":{"rendered":"<p>&nbsp; &nbsp; A Norma V. &nbsp; Il vento dell\u2019est questa notte, che sferza con cavi pennoni, facendoli urlare di rabbia, ricorda notti molto lontane vegliate nel porto, a Trieste, quando la bora incessante spazzava l\u2019Androna Baciocchi. Anime in pena di monsignori pullulavano in vuoti passaggi; io sognavo biondissime figlie di capitani di lungo corso; e [&hellip;]<\/p>\n","protected":false},"author":1,"featured_media":0,"comment_status":"open","ping_status":"open","sticky":false,"template":"","format":"standard","meta":{"footnotes":""},"categories":[5,13,6],"tags":[127,203,359,565,1167,1688,2301,2479,2988,3087],"class_list":["post-5304","post","type-post","status-publish","format-standard","hentry","category-poesia-contemporanea-2","category-poesia-italiana","category-poetry-poesia","tag-amore-giovanile","tag-armonica","tag-bora","tag-cigni","tag-gabbiani","tag-mare","tag-porto","tag-ricordi","tag-trieste","tag-vento"],"_links":{"self":[{"href":"https:\/\/www.poetamatusel.org\/index.php?rest_route=\/wp\/v2\/posts\/5304","targetHints":{"allow":["GET"]}}],"collection":[{"href":"https:\/\/www.poetamatusel.org\/index.php?rest_route=\/wp\/v2\/posts"}],"about":[{"href":"https:\/\/www.poetamatusel.org\/index.php?rest_route=\/wp\/v2\/types\/post"}],"author":[{"embeddable":true,"href":"https:\/\/www.poetamatusel.org\/index.php?rest_route=\/wp\/v2\/users\/1"}],"replies":[{"embeddable":true,"href":"https:\/\/www.poetamatusel.org\/index.php?rest_route=%2Fwp%2Fv2%2Fcomments&post=5304"}],"version-history":[{"count":0,"href":"https:\/\/www.poetamatusel.org\/index.php?rest_route=\/wp\/v2\/posts\/5304\/revisions"}],"wp:attachment":[{"href":"https:\/\/www.poetamatusel.org\/index.php?rest_route=%2Fwp%2Fv2%2Fmedia&parent=5304"}],"wp:term":[{"taxonomy":"category","embeddable":true,"href":"https:\/\/www.poetamatusel.org\/index.php?rest_route=%2Fwp%2Fv2%2Fcategories&post=5304"},{"taxonomy":"post_tag","embeddable":true,"href":"https:\/\/www.poetamatusel.org\/index.php?rest_route=%2Fwp%2Fv2%2Ftags&post=5304"}],"curies":[{"name":"wp","href":"https:\/\/api.w.org\/{rel}","templated":true}]}}