{"id":5231,"date":"2015-07-14T12:26:39","date_gmt":"2015-07-14T10:26:39","guid":{"rendered":"http:\/\/poetamatusel.com\/?p=4891"},"modified":"2015-07-14T12:26:39","modified_gmt":"2015-07-14T10:26:39","slug":"schizzo-di-un-estuario","status":"publish","type":"post","link":"https:\/\/www.poetamatusel.org\/?p=5231","title":{"rendered":"SCHIZZO DI UN ESTUARIO"},"content":{"rendered":"<p>&nbsp;<\/p>\n<table width=\"999\" border=\"0\" cellpadding=\"2\" cellspacing=\"0\">\n<tbody>\n<p><a href=\"https:\/\/www.poetamatusel.org\/wp-content\/uploads\/2015\/07\/sera-di-maretta-foto-guido-comin-poetamatusel.jpg\"><img loading=\"lazy\" decoding=\"async\" src=\"https:\/\/www.poetamatusel.org\/wp-content\/uploads\/2015\/07\/sera-di-maretta-foto-guido-comin-poetamatusel.jpg?w=660\" title=\"Sera di maretta a Caorle (VE) - Foto Guido Comin PoetaMatus\u00e8l\" width=\"660\" height=\"376\" class=\"alignleft size-large wp-image-4892\" \/><\/a><\/p>\n<tr>\n<td valign=\"top\" width=\"999\"><\/td>\n<\/tr>\n<\/tbody>\n<\/table>\n<p>&nbsp;<\/p>\n<p style=\"padding-left:40px;\">C\u2019\u00e8 maretta di nuovo stasera,<br \/>\ne una luna che sembra beffarsi<br \/>\ndei miei desideri immodesti.<br \/>\nCon famiglie di cigni sul fiume,<br \/>\ncroccanti conchiglie che ora,<br \/>\nnel silenzio, ripetono passi<br \/>\ne un grande viavai di impavide<br \/>\ne antiche barchette da pesca,<br \/>\ntutto farebbe di certo pensare<br \/>\na bucoliche scene sinfoniche.<br \/>\nC\u2019\u00e8 qualcosa per\u00f2 che non torna,<br \/>\na parte i mille ricordi che invece<br \/>\nritornano sempre: sono i conti<br \/>\nche da tempo non tornano pi\u00f9,<br \/>\nquelli importanti, somme di Vita.<br \/>\nE poi ci sei tu e non saprei dove<br \/>\ncollocarti in questo quasipresepio,<br \/>\nistantaneo quadretto fluvio-marittimo<br \/>\nche il vento sospende tra nuvole e mare.  <\/p>\n<p>&nbsp;<\/p>\n<table width=\"999\" border=\"0\" cellpadding=\"2\" cellspacing=\"0\">\n<tbody>\n<p><a href=\"https:\/\/www.poetamatusel.org\/wp-content\/uploads\/2015\/07\/tra-nuvole-e-mare-foto-guido-comin-poetamatusel.jpg\"><img loading=\"lazy\" decoding=\"async\" src=\"https:\/\/www.poetamatusel.org\/wp-content\/uploads\/2015\/07\/tra-nuvole-e-mare-foto-guido-comin-poetamatusel.jpg?w=660\" title=\"Sospeso tra nuvole e mare - Foto Guido Comin PoetaMatus\u00e8l\" width=\"660\" height=\"452\" class=\"alignleft size-large wp-image-4893\" \/><\/a><\/p>\n<tr>\n<td valign=\"top\" width=\"999\"><\/td>\n<\/tr>\n<\/tbody>\n<\/table>\n<p>&nbsp;<\/p>\n<p><a href=\"https:\/\/www.poetamatusel.org\/wp-content\/uploads\/2012\/10\/icon-for-audio-files.jpg\"><img loading=\"lazy\" decoding=\"async\" src=\"https:\/\/www.poetamatusel.org\/wp-content\/uploads\/2012\/10\/icon-for-audio-files.jpg\" alt=\"\" title=\"AUDIO * FILE * AUDIO\" width=\"35\" height=\"35\" class=\"alignleft wp-image-2897\" \/><\/a>  <strong>PoetaMatus\u00e8l legge<br \/>\nSCHIZZO DI UN ESTUARIO<\/strong>  <\/p>\n<audio class=\"wp-audio-shortcode\" id=\"audio-5231-1\" preload=\"none\" style=\"width: 100%;\" controls=\"controls\"><source type=\"audio\/mpeg\" src=\"https:\/\/www.poetamatusel.org\/wp-content\/uploads\/2015\/07\/schizzo-di-un-estuario.mp3?_=1\" \/><a href=\"https:\/\/www.poetamatusel.org\/wp-content\/uploads\/2015\/07\/schizzo-di-un-estuario.mp3\">https:\/\/www.poetamatusel.org\/wp-content\/uploads\/2015\/07\/schizzo-di-un-estuario.mp3<\/a><\/audio>\n<p>&nbsp;<\/p>\n<p>&nbsp;<\/p>\n<p>&nbsp;<\/p>\n<table width=\"999\" border=\"0\" cellpadding=\"2\" cellspacing=\"0\">\n<tbody>\n<p><a href=\"https:\/\/www.poetamatusel.org\/wp-content\/uploads\/2015\/07\/luna-beffarda.jpg\"><img loading=\"lazy\" decoding=\"async\" src=\"https:\/\/www.poetamatusel.org\/wp-content\/uploads\/2015\/07\/luna-beffarda.jpg?w=200\" title=\"Strana luna beffarda - Foto Guido Comin PoetaMatus\u00e8l\" width=\"200\" height=\"300\" class=\"aligncenter size-medium wp-image-4894\" \/><\/a><\/p>\n<tr>\n<td valign=\"top\" width=\"999\"><\/td>\n<\/tr>\n<\/tbody>\n<\/table>\n<p>&nbsp;<br \/>\n&nbsp;<br \/>\n&nbsp;<br \/>\n&nbsp;<\/p>\n<p><a href=\"https:\/\/www.poetamatusel.org\/wp-content\/uploads\/2015\/04\/dscn7418.jpg\"><img loading=\"lazy\" decoding=\"async\" src=\"https:\/\/www.poetamatusel.org\/wp-content\/uploads\/2015\/04\/dscn7418.jpg?w=150\" title=\"Primule a primavera - Foto Guido Comin PoetaMatus\u00e8l\" width=\"150\" height=\"113\" class=\"alignleft size-thumbnail wp-image-4839\" \/><\/a> <\/a><\/p>\n<p style=\"padding-left:40px;\"><strong><em>Prezioso Visitatore che mi leggi, un breve commento, anche solo un saluto, scritto qui sotto &#8211; o un &#8216;Mi Piace&#8217; cliccato &#8211; non ti costa che un piccolissimo sforzo, per\u00f2 far\u00e0 un GRANDE piacere a me, quando lo legger\u00f2! Grazie. <\/em> &nbsp; :O)<\/strong> <\/p>\n<p>&nbsp;<\/p>\n<p style=\"padding-top:150px;\">\n<p><span style=\"font-family:'Arial Narrow Special G1';font-size:small;\">Copyright \u00a9 2015 Guido Comin PoetaMatus\u00e8l &#8211;  Belluno, Italy. All rights reserved.<\/span><\/p>\n<p>&nbsp;<\/p>\n<p>&nbsp;<\/p>\n<p>&nbsp;<\/p>\n<p>.<\/p>\n","protected":false},"excerpt":{"rendered":"<p>&nbsp; &nbsp; C\u2019\u00e8 maretta di nuovo stasera, e una luna che sembra beffarsi dei miei desideri immodesti. Con famiglie di cigni sul fiume, croccanti conchiglie che ora, nel silenzio, ripetono passi e un grande viavai di impavide e antiche barchette da pesca, tutto farebbe di certo pensare a bucoliche scene sinfoniche. C\u2019\u00e8 qualcosa per\u00f2 che [&hellip;]<\/p>\n","protected":false},"author":1,"featured_media":0,"comment_status":"open","ping_status":"open","sticky":false,"template":"","format":"standard","meta":{"footnotes":""},"categories":[6],"tags":[],"class_list":["post-5231","post","type-post","status-publish","format-standard","hentry","category-poetry-poesia"],"_links":{"self":[{"href":"https:\/\/www.poetamatusel.org\/index.php?rest_route=\/wp\/v2\/posts\/5231","targetHints":{"allow":["GET"]}}],"collection":[{"href":"https:\/\/www.poetamatusel.org\/index.php?rest_route=\/wp\/v2\/posts"}],"about":[{"href":"https:\/\/www.poetamatusel.org\/index.php?rest_route=\/wp\/v2\/types\/post"}],"author":[{"embeddable":true,"href":"https:\/\/www.poetamatusel.org\/index.php?rest_route=\/wp\/v2\/users\/1"}],"replies":[{"embeddable":true,"href":"https:\/\/www.poetamatusel.org\/index.php?rest_route=%2Fwp%2Fv2%2Fcomments&post=5231"}],"version-history":[{"count":0,"href":"https:\/\/www.poetamatusel.org\/index.php?rest_route=\/wp\/v2\/posts\/5231\/revisions"}],"wp:attachment":[{"href":"https:\/\/www.poetamatusel.org\/index.php?rest_route=%2Fwp%2Fv2%2Fmedia&parent=5231"}],"wp:term":[{"taxonomy":"category","embeddable":true,"href":"https:\/\/www.poetamatusel.org\/index.php?rest_route=%2Fwp%2Fv2%2Fcategories&post=5231"},{"taxonomy":"post_tag","embeddable":true,"href":"https:\/\/www.poetamatusel.org\/index.php?rest_route=%2Fwp%2Fv2%2Ftags&post=5231"}],"curies":[{"name":"wp","href":"https:\/\/api.w.org\/{rel}","templated":true}]}}