{"id":5093,"date":"2015-05-01T19:35:00","date_gmt":"2015-05-01T17:35:00","guid":{"rendered":"http:\/\/poetamatusel.com\/?p=4855"},"modified":"2015-05-01T19:35:00","modified_gmt":"2015-05-01T17:35:00","slug":"e-ritornato-maggio","status":"publish","type":"post","link":"https:\/\/www.poetamatusel.org\/?p=5093","title":{"rendered":"\u00c8 RITORNATO MAGGIO!"},"content":{"rendered":"<p>&nbsp;<\/p>\n<table width=\"999\" border=\"0\" cellpadding=\"2\" cellspacing=\"0\">\n<tbody>\n<p><a href=\"https:\/\/www.poetamatusel.org\/wp-content\/uploads\/2015\/05\/papaveri-padroni-dei-fossi-foto-guido-comin-poetamatusel.jpg\"><img loading=\"lazy\" decoding=\"async\" src=\"https:\/\/www.poetamatusel.org\/wp-content\/uploads\/2015\/05\/papaveri-padroni-dei-fossi-foto-guido-comin-poetamatusel.jpg?w=660\" title=\"Papaveri, padroni dei fossi - Foto Guido Comin PoetaMatus\u00e8l\" width=\"660\" height=\"443\" class=\"alignleft size-large wp-image-4856\" \/><\/a><\/p>\n<tr>\n<td valign=\"top\" width=\"999\"><\/td>\n<\/tr>\n<\/tbody>\n<\/table>\n<p>&nbsp;<\/p>\n<p style=\"padding-left:40px;\">Il sambuco \u00e8 di nuovo fiorito<br \/>\ne colora le siepi di sempre,<br \/>\nmentre sui cigli e nei fossi<br \/>\nprepotenti, se pur delicati,<br \/>\npapaveri la fan\u2019 da padroni.<br \/>\nI rondoni tagliuzzano l\u2019aria<br \/>\ndi un mite, lungo crepuscolo,<br \/>\ncon i loro gridii concitati,<br \/>\nquasi volessero dire: <em>Ehi, ci<br \/>\nsiamo di nuovo anche noi!<\/em><br \/>\nA bordo strada ho sentito,<br \/>\nsporadico, un grillo, il primo,<br \/>\nin mezzo al tarassaco in fiore,<br \/>\nmentre dietro, poco pi\u00f9 in l\u00e0,<br \/>\nun tutt\u2019altro giallo, quello<br \/>\nimpossibile del ravizzone,<br \/>\nche tinge l\u2019intera campagna<br \/>\nfino a perdita d\u2019occhio,<br \/>\nravvivando tenui ricordi<br \/>\nche andrebbero dimenticati.<br \/>\nIn mezzo al giovane verde,<br \/>\nl\u2019airone in agguato non fa<br \/>\nproprio alcuna attenzione<br \/>\na un volatile non avversario,<br \/>\nun piccolo falco (un gheppio?),<br \/>\nfermo in alto, su ali di statica<br \/>\nattesa di piombare su prede<br \/>\npavide, incaute, inesperte,<br \/>\no forse soltanto affamate,<br \/>\ncome lui che di loro si ciba<br \/>\ne, tra poco, la prole vorace.<br \/>\nFra cos\u00ec tanta vita e frenetico<br \/>\nmovimentarsi di ali e colori,<br \/>\nviene voglia di prendere il volo!  <\/p>\n<p>&nbsp;<\/p>\n<p>&nbsp;<\/p>\n<table width=\"999\" border=\"0\" cellpadding=\"2\" cellspacing=\"0\">\n<tbody>\n<p><a href=\"https:\/\/www.poetamatusel.org\/wp-content\/uploads\/2015\/05\/ritorna-il-sambuco-foto-guido-comin-poetamatusel.jpg\"><img loading=\"lazy\" decoding=\"async\" src=\"https:\/\/www.poetamatusel.org\/wp-content\/uploads\/2015\/05\/ritorna-il-sambuco-foto-guido-comin-poetamatusel.jpg?w=660\" title=\"Ritorna il sambuco - Foto Guido Comin PoetaMatus\u00e8l\" width=\"660\" height=\"444\" class=\"alignleft size-large wp-image-4857\" \/><\/a><\/p>\n<tr>\n<td valign=\"top\" width=\"999\"><\/td>\n<\/tr>\n<\/tbody>\n<\/table>\n<p>&nbsp;<\/p>\n<p><a href=\"https:\/\/www.poetamatusel.org\/wp-content\/uploads\/2012\/10\/icon-for-audio-files.jpg\"><img loading=\"lazy\" decoding=\"async\" src=\"https:\/\/www.poetamatusel.org\/wp-content\/uploads\/2012\/10\/icon-for-audio-files.jpg\" alt=\"\" title=\"AUDIO * FILE * AUDIO\" width=\"35\" height=\"35\" class=\"alignleft wp-image-2897\" \/><\/a>  <strong>PoetaMatus\u00e8l legge<br \/>\n\u00c8 RITORNATO MAGGIO!<\/strong>  <\/p>\n<audio class=\"wp-audio-shortcode\" id=\"audio-5093-1\" preload=\"none\" style=\"width: 100%;\" controls=\"controls\"><source type=\"audio\/mpeg\" src=\"https:\/\/www.poetamatusel.org\/wp-content\/uploads\/2015\/05\/e-ritornato-maggio.mp3?_=1\" \/><a href=\"https:\/\/www.poetamatusel.org\/wp-content\/uploads\/2015\/05\/e-ritornato-maggio.mp3\">https:\/\/www.poetamatusel.org\/wp-content\/uploads\/2015\/05\/e-ritornato-maggio.mp3<\/a><\/audio>\n<p>&nbsp;<\/p>\n<p>&nbsp;<\/p>\n<table width=\"999\" border=\"0\" cellpadding=\"2\" cellspacing=\"0\">\n<tbody>\n<p><a href=\"https:\/\/www.poetamatusel.org\/wp-content\/uploads\/2015\/05\/campo-di-colza-o-ravizzone-foto-guido-comin-poetamatusel.jpg\"><img loading=\"lazy\" decoding=\"async\" src=\"https:\/\/www.poetamatusel.org\/wp-content\/uploads\/2015\/05\/campo-di-colza-o-ravizzone-foto-guido-comin-poetamatusel.jpg?w=660\" title=\"Campo di colza o ravizzone - Foto Guido Comin PoetaMatus\u00e8l\" width=\"660\" height=\"344\" class=\"alignleft size-large wp-image-4858\" \/><\/a><\/p>\n<tr>\n<td valign=\"top\" width=\"999\"><\/td>\n<\/tr>\n<\/tbody>\n<\/table>\n<p>&nbsp;<br \/>\n&nbsp;<br \/>\n&nbsp;<br \/>\n&nbsp;<\/p>\n<p><a href=\"https:\/\/www.poetamatusel.org\/wp-content\/uploads\/2015\/04\/dscn7418.jpg\"><img loading=\"lazy\" decoding=\"async\" src=\"https:\/\/www.poetamatusel.org\/wp-content\/uploads\/2015\/04\/dscn7418.jpg?w=150\" title=\"Primule a primavera - Foto Guido Comin PoetaMatus\u00e8l\" width=\"150\" height=\"113\" class=\"alignleft size-thumbnail wp-image-4839\" \/><\/a> <\/a><\/p>\n<p style=\"padding-left:40px;\"><strong><em>Prezioso Visitatore che mi leggi, un breve commento, anche solo un saluto, scritto qui sotto &#8211; o un &#8216;Mi Piace&#8217; cliccato &#8211; non ti costa che un piccolissimo sforzo, per\u00f2 far\u00e0 un GRANDE piacere a me, quando lo legger\u00f2! Grazie. <\/em> &nbsp; :O)<\/strong> <\/p>\n<p>&nbsp;<\/p>\n<p style=\"padding-top:150px;\">\n<p><span style=\"font-family:'Arial Narrow Special G1';font-size:small;\">Copyright \u00a9 2015 Guido Comin PoetaMatus\u00e8l &#8211;  Belluno, Italy. All rights reserved.<\/span><\/p>\n<p>&nbsp;<\/p>\n<p>&nbsp;<\/p>\n<p>&nbsp;<\/p>\n<p>.<br \/>\n\u2003<\/p>\n","protected":false},"excerpt":{"rendered":"<p>Potrebbe essere maggio, il mese della mia nascita, anche il mese della rinascita!<\/p>\n","protected":false},"author":1,"featured_media":5119,"comment_status":"open","ping_status":"open","sticky":false,"template":"","format":"standard","meta":{"footnotes":""},"categories":[5,13,6],"tags":[1642],"class_list":["post-5093","post","type-post","status-publish","format-standard","hentry","category-poesia-contemporanea-2","category-poesia-italiana","category-poetry-poesia","tag-maggio"],"_links":{"self":[{"href":"https:\/\/www.poetamatusel.org\/index.php?rest_route=\/wp\/v2\/posts\/5093","targetHints":{"allow":["GET"]}}],"collection":[{"href":"https:\/\/www.poetamatusel.org\/index.php?rest_route=\/wp\/v2\/posts"}],"about":[{"href":"https:\/\/www.poetamatusel.org\/index.php?rest_route=\/wp\/v2\/types\/post"}],"author":[{"embeddable":true,"href":"https:\/\/www.poetamatusel.org\/index.php?rest_route=\/wp\/v2\/users\/1"}],"replies":[{"embeddable":true,"href":"https:\/\/www.poetamatusel.org\/index.php?rest_route=%2Fwp%2Fv2%2Fcomments&post=5093"}],"version-history":[{"count":0,"href":"https:\/\/www.poetamatusel.org\/index.php?rest_route=\/wp\/v2\/posts\/5093\/revisions"}],"wp:featuredmedia":[{"embeddable":true,"href":"https:\/\/www.poetamatusel.org\/index.php?rest_route=\/wp\/v2\/media\/5119"}],"wp:attachment":[{"href":"https:\/\/www.poetamatusel.org\/index.php?rest_route=%2Fwp%2Fv2%2Fmedia&parent=5093"}],"wp:term":[{"taxonomy":"category","embeddable":true,"href":"https:\/\/www.poetamatusel.org\/index.php?rest_route=%2Fwp%2Fv2%2Fcategories&post=5093"},{"taxonomy":"post_tag","embeddable":true,"href":"https:\/\/www.poetamatusel.org\/index.php?rest_route=%2Fwp%2Fv2%2Ftags&post=5093"}],"curies":[{"name":"wp","href":"https:\/\/api.w.org\/{rel}","templated":true}]}}