{"id":4986,"date":"2015-04-03T12:45:35","date_gmt":"2015-04-03T10:45:35","guid":{"rendered":"http:\/\/poetamatusel.com\/?p=4835"},"modified":"2015-04-03T12:45:35","modified_gmt":"2015-04-03T10:45:35","slug":"per-le-prossime-primavere","status":"publish","type":"post","link":"https:\/\/www.poetamatusel.org\/?p=4986","title":{"rendered":"PER LE PROSSIME PRIMAVERE"},"content":{"rendered":"<p>&nbsp;<\/p>\n<table width=\"999\" border=\"0\" cellpadding=\"2\" cellspacing=\"0\">\n<tbody>\n<p><a href=\"https:\/\/www.poetamatusel.org\/wp-content\/uploads\/2015\/04\/palme-e-trattore-foto-guido-comin-poetamatusel.jpg\"><img loading=\"lazy\" decoding=\"async\" src=\"https:\/\/www.poetamatusel.org\/wp-content\/uploads\/2015\/04\/palme-e-trattore-foto-guido-comin-poetamatusel.jpg?w=640\" title=\"Palme e trattore trevigiani - Foto Guido Comin PoetaMatus\u00e8l\" width=\"640\" height=\"406\" class=\"alignleft size-large wp-image-4836\" \/><\/a><\/p>\n<tr>\n<td valign=\"top\" width=\"999\"><\/td>\n<\/tr>\n<\/tbody>\n<\/table>\n<p>&nbsp;<\/p>\n<p style=\"padding-left:40px;\">Davanti ai supermercati,<br \/>\nnon parcheggiano auto,<br \/>\nma solo vecchi trattori,<br \/>\nrossi, verdi o arancioni;<br \/>\ne lungo i fossi sono gi\u00e0<br \/>\nricomparse candide calle.<br \/>\nOvunque gi\u00e0 esplodono,<br \/>\ndi giorno in giorno,<br \/>\ngranate e raffiche di<br \/>\nbiancospini e magnolie.<br \/>\nIn un mattino qualunque,<br \/>\npioveranno dal cielo<br \/>\n\u2013 come  frecce divine \u2013<br \/>\nrondoni chiassosi, indefessi.  <\/p>\n<p style=\"padding-left:40px;\">Quindicesima primavera<br \/>\nitaliana, dopo il rientro<br \/>\nda nordici lidi, distanti<br \/>\nnon tanto ma pi\u00f9 vivibili:<br \/>\n\u00e8 ora di farla finita e di<br \/>\nsmettere di insistere solo<br \/>\na segnare il fatidico passo.<br \/>\n\u00c8 ora passata che si faccia<br \/>\nquel proverbiale giro di boa,<br \/>\nvoltapagina storico, oppure<br \/>\nnecessaria, triste ma salvifica,<br \/>\nterribile ma indispensabile,<br \/>\ndolorosissima amputazione!   <\/p>\n<p>&nbsp;<\/p>\n<p>&nbsp;<\/p>\n<table width=\"999\" border=\"0\" cellpadding=\"2\" cellspacing=\"0\">\n<tbody>\n<p><a href=\"https:\/\/www.poetamatusel.org\/wp-content\/uploads\/2015\/04\/calle-nel-fosso-a-candelu-foto-guido-comin.jpg\"><img loading=\"lazy\" decoding=\"async\" src=\"https:\/\/www.poetamatusel.org\/wp-content\/uploads\/2015\/04\/calle-nel-fosso-a-candelu-foto-guido-comin.jpg?w=640\" title=\"Calle nel fosso a Candel\u00f9 - Foto Guido Comin PoetaMatus\u00e8l\" width=\"640\" height=\"468\" class=\"alignleft size-large wp-image-4837\" \/><\/a><\/p>\n<tr>\n<td valign=\"top\" width=\"999\"><\/td>\n<\/tr>\n<\/tbody>\n<\/table>\n<p>&nbsp;<\/p>\n<p>&nbsp;<\/p>\n<p><a href=\"https:\/\/www.poetamatusel.org\/wp-content\/uploads\/2012\/10\/icon-for-audio-files.jpg\"><img loading=\"lazy\" decoding=\"async\" src=\"https:\/\/www.poetamatusel.org\/wp-content\/uploads\/2012\/10\/icon-for-audio-files.jpg\" alt=\"\" title=\"AUDIO * FILE * AUDIO\" width=\"35\" height=\"35\" class=\"alignleft wp-image-2897\" \/><\/a>  <strong>PoetaMatus\u00e8l legge<br \/>\nPER LE PROSSIME PRIMAVERE<\/strong>  <\/p>\n<audio class=\"wp-audio-shortcode\" id=\"audio-4986-1\" preload=\"none\" style=\"width: 100%;\" controls=\"controls\"><source type=\"audio\/mpeg\" src=\"https:\/\/www.poetamatusel.org\/wp-content\/uploads\/2015\/04\/per-le-prossime-primavere.mp3?_=1\" \/><a href=\"https:\/\/www.poetamatusel.org\/wp-content\/uploads\/2015\/04\/per-le-prossime-primavere.mp3\">https:\/\/www.poetamatusel.org\/wp-content\/uploads\/2015\/04\/per-le-prossime-primavere.mp3<\/a><\/audio>\n<p>&nbsp;<br \/>\n&nbsp;<br \/>\n&nbsp;<br \/>\n&nbsp;<\/p>\n<p><a href=\"https:\/\/www.poetamatusel.org\/wp-content\/uploads\/2015\/04\/dscn7418.jpg\"><img loading=\"lazy\" decoding=\"async\" src=\"https:\/\/www.poetamatusel.org\/wp-content\/uploads\/2015\/04\/dscn7418.jpg?w=150\" title=\"Primule a primavera - Foto Guido Comin PoetaMatus\u00e8l\" width=\"150\" height=\"113\" class=\"alignleft size-thumbnail wp-image-4839\" \/><\/a> <\/a><\/p>\n<p style=\"padding-left:40px;\"><strong><em>Prezioso Visitatore che mi leggi, un breve commento, anche solo un saluto, scritto qui sotto &#8211; o un &#8216;Mi Piace&#8217; cliccato &#8211; non ti costa che un piccolissimo sforzo, per\u00f2 far\u00e0 un GRANDE piacere a me, quando lo legger\u00f2! Grazie. <\/em> &nbsp; :O)<\/strong> <\/p>\n<p>&nbsp;<\/p>\n<p style=\"padding-top:150px;\">\n<p><span style=\"font-family:'Arial Narrow Special G1';font-size:small;\">Copyright \u00a9 2015 Guido Comin PoetaMatus\u00e8l &#8211;  Belluno, Italy. All rights reserved.<\/span><\/p>\n<p>&nbsp;<\/p>\n<p>&nbsp;<\/p>\n<p>&nbsp;<\/p>\n<p>.<\/p>\n","protected":false},"excerpt":{"rendered":"<p>&nbsp; &nbsp; Davanti ai supermercati, non parcheggiano auto, ma solo vecchi trattori, rossi, verdi o arancioni; e lungo i fossi sono gi\u00e0 ricomparse candide calle. Ovunque gi\u00e0 esplodono, di giorno in giorno, granate e raffiche di biancospini e magnolie. In un mattino qualunque, pioveranno dal cielo \u2013 come frecce divine \u2013 rondoni chiassosi, indefessi. Quindicesima [&hellip;]<\/p>\n","protected":false},"author":1,"featured_media":0,"comment_status":"open","ping_status":"open","sticky":false,"template":"","format":"standard","meta":{"footnotes":""},"categories":[5,13,6],"tags":[138,333,404,416,1256,1410,1656,1922,1948,2344,2541,2654,2974,3171],"class_list":["post-4986","post","type-post","status-publish","format-standard","hentry","category-poesia-contemporanea-2","category-poesia-italiana","category-poetry-poesia","tag-amputazione","tag-biancospini","tag-calle-nei-fossi","tag-campagna-trevigiana","tag-giro-di-boa","tag-indecisione","tag-magnolie","tag-nordici-lidi","tag-nuovi-orizzonti","tag-primavera","tag-rondoni","tag-segnare-il-passo","tag-trattori","tag-voltapagina"],"_links":{"self":[{"href":"https:\/\/www.poetamatusel.org\/index.php?rest_route=\/wp\/v2\/posts\/4986","targetHints":{"allow":["GET"]}}],"collection":[{"href":"https:\/\/www.poetamatusel.org\/index.php?rest_route=\/wp\/v2\/posts"}],"about":[{"href":"https:\/\/www.poetamatusel.org\/index.php?rest_route=\/wp\/v2\/types\/post"}],"author":[{"embeddable":true,"href":"https:\/\/www.poetamatusel.org\/index.php?rest_route=\/wp\/v2\/users\/1"}],"replies":[{"embeddable":true,"href":"https:\/\/www.poetamatusel.org\/index.php?rest_route=%2Fwp%2Fv2%2Fcomments&post=4986"}],"version-history":[{"count":0,"href":"https:\/\/www.poetamatusel.org\/index.php?rest_route=\/wp\/v2\/posts\/4986\/revisions"}],"wp:attachment":[{"href":"https:\/\/www.poetamatusel.org\/index.php?rest_route=%2Fwp%2Fv2%2Fmedia&parent=4986"}],"wp:term":[{"taxonomy":"category","embeddable":true,"href":"https:\/\/www.poetamatusel.org\/index.php?rest_route=%2Fwp%2Fv2%2Fcategories&post=4986"},{"taxonomy":"post_tag","embeddable":true,"href":"https:\/\/www.poetamatusel.org\/index.php?rest_route=%2Fwp%2Fv2%2Ftags&post=4986"}],"curies":[{"name":"wp","href":"https:\/\/api.w.org\/{rel}","templated":true}]}}