{"id":4799,"date":"2015-02-22T00:25:05","date_gmt":"2015-02-21T23:25:05","guid":{"rendered":"http:\/\/poetamatusel.com\/?p=4768"},"modified":"2015-02-22T00:25:05","modified_gmt":"2015-02-21T23:25:05","slug":"buy-now-pay-later-tutto-a-rate","status":"publish","type":"post","link":"https:\/\/www.poetamatusel.org\/?p=4799","title":{"rendered":"BUY NOW, PAY LATER  (TUTTO A RATE)"},"content":{"rendered":"<p>&nbsp;<\/p>\n<table width=\"999\" border=\"0\" cellpadding=\"2\" cellspacing=\"0\">\n<tbody>\n<p><a href=\"https:\/\/www.poetamatusel.org\/wp-content\/uploads\/2015\/02\/paesaggio-del-piave-a-febbraio-foto-guido-comin-poetamatusel.jpg\"><img loading=\"lazy\" decoding=\"async\" src=\"https:\/\/www.poetamatusel.org\/wp-content\/uploads\/2015\/02\/paesaggio-del-piave-a-febbraio-foto-guido-comin-poetamatusel.jpg?w=640\" title=\"Paesaggio del Piave di Parise - Foto Guido Comin PoetaMatus\u00e8l\" width=\"640\" height=\"280\" class=\"alignleft size-large wp-image-4769\" \/><\/a><\/p>\n<tr>\n<td valign=\"top\" width=\"999\"><\/td>\n<\/tr>\n<\/tbody>\n<\/table>\n<p>&nbsp;<\/p>\n<p style=\"padding-left:20px;\">Tra poco pagheremo troppo cara<br \/>\nquesta improvvisa, inattesa primavera,<br \/>\ncon TAEG e TAN ed altri impensabili<br \/>\nformule d\u2019interessi, proprie degli usurai. <\/p>\n<p style=\"padding-left:20px;\">E il Piave \u00e8 mezzo vuoto, che sembra<br \/>\nquasi estate, in un tiepidissimo febbraio,<br \/>\nmentre volo veloce in alto sui filari<br \/>\ndi viti, coi finestrini aperti spalancati.  <\/p>\n<p style=\"padding-left:20px;\">E mi sorprende il gheppio, che, fulmineo,<br \/>\na bordo strada a sua volta disorienta<br \/>\nuna sparuta arvicola, incauta nel canneto.<br \/>\nVi \u00e8 davvero troppo sole, oggi, ad asciugare  <\/p>\n<p style=\"padding-left:20px;\">fossi di speranze che a suo tempo gi\u00e0<br \/>\nin altri versi dicevamo false, solamente;<br \/>\noggi per\u00f2 ineluttabilmente (cio\u00e8,  forse per<br \/>\nsempre) annegate nel mendace <em>politichese<\/em>!  <\/p>\n<p>&nbsp;<\/p>\n<p>&nbsp;<\/p>\n<table width=\"999\" border=\"0\" cellpadding=\"2\" cellspacing=\"0\">\n<tbody>\n<p><a href=\"https:\/\/www.poetamatusel.org\/wp-content\/uploads\/2015\/02\/fosso-quasi-asciutto-foto-guido-comin-poetamatusel-2.jpg\"><img loading=\"lazy\" decoding=\"async\" src=\"https:\/\/www.poetamatusel.org\/wp-content\/uploads\/2015\/02\/fosso-quasi-asciutto-foto-guido-comin-poetamatusel-2.jpg?w=640\" title=\"Fosso asfittico di febbraio - Foto Guido Comin PoetaMatus\u00e8l\" width=\"640\" height=\"351\" class=\"alignleft size-large wp-image-4778\" \/><\/a><\/p>\n<tr>\n<td valign=\"top\" width=\"999\"><\/td>\n<\/tr>\n<\/tbody>\n<\/table>\n<p>&nbsp;<\/p>\n<p><a href=\"https:\/\/www.poetamatusel.org\/wp-content\/uploads\/2012\/10\/icon-for-audio-files.jpg\"><img loading=\"lazy\" decoding=\"async\" src=\"https:\/\/www.poetamatusel.org\/wp-content\/uploads\/2012\/10\/icon-for-audio-files.jpg\" alt=\"\" title=\"AUDIO * FILE * AUDIO\" width=\"35\" height=\"35\" class=\"alignleft wp-image-2897\" \/><\/a>  <strong>PoetaMatus\u00e8l legge<br \/>\nBUY NOW, PAY LATER  <em>(TUTTO A RATE)<\/em><\/strong>  <\/p>\n<audio class=\"wp-audio-shortcode\" id=\"audio-4799-1\" preload=\"none\" style=\"width: 100%;\" controls=\"controls\"><source type=\"audio\/mpeg\" src=\"https:\/\/www.poetamatusel.org\/wp-content\/uploads\/2015\/02\/buy-now-pay-later.mp3?_=1\" \/><a href=\"https:\/\/www.poetamatusel.org\/wp-content\/uploads\/2015\/02\/buy-now-pay-later.mp3\">https:\/\/www.poetamatusel.org\/wp-content\/uploads\/2015\/02\/buy-now-pay-later.mp3<\/a><\/audio>\n<p>&nbsp;<\/p>\n<p>&nbsp;<\/p>\n<p><a href=\"https:\/\/www.poetamatusel.org\/wp-content\/uploads\/2012\/11\/link-symbol-for-blog.jpg\"><img loading=\"lazy\" decoding=\"async\" src=\"https:\/\/www.poetamatusel.org\/wp-content\/uploads\/2012\/11\/link-symbol-for-blog.jpg\" alt=\"* LINK *\" width=\"35\" height=\"35\" class=\"alignleft wp-image-2959\" \/><\/a> <a href=\"http:\/\/poetamatusel.com\/2013\/09\/15\/coro-adelchiano-ex-tempore\/\" title=\"CORO ADELCHIANO EX TEMPORE\" target=\"_blank\"> <strong><em>&#8216;Tracimano i fossi di false speranze&#8230;&#8217;<\/em><br \/>\nQui trovi i versi ai quali  questa poesia fa riferimento<\/strong><\/a><\/p>\n<p>&nbsp;<\/p>\n<p><a href=\"https:\/\/www.poetamatusel.org\/wp-content\/uploads\/2012\/11\/link-symbol-for-blog.jpg\"><img loading=\"lazy\" decoding=\"async\" src=\"https:\/\/www.poetamatusel.org\/wp-content\/uploads\/2012\/11\/link-symbol-for-blog.jpg\" alt=\"* LINK *\" width=\"35\" height=\"35\" class=\"alignleft wp-image-2959\" \/><\/a> <a href=\"http:\/\/www.goffredoparise.it\/index.php?area=65&amp;menu=248&amp;page=446&amp;lingua=4\" title=\"Parise a Ponte di Piave\" target=\"_blank\"><strong>Le case di Goffredo Parise, a Ponte di Piave (TV)<\/strong><\/a><\/p>\n<p>&nbsp;<br \/>\n&nbsp;<br \/>\n&nbsp;<br \/>\n&nbsp;<\/p>\n<p><a href=\"https:\/\/www.poetamatusel.org\/wp-content\/uploads\/2014\/10\/comment1.jpg\"><img loading=\"lazy\" decoding=\"async\" src=\"https:\/\/www.poetamatusel.org\/wp-content\/uploads\/2014\/10\/comment1.jpg?w=100\" alt=\"COMMENT\" width=\"100\" height=\"89\" class=\"alignleft size-large wp-image-4596\" \/><\/a><\/p>\n<p style=\"padding-left:40px;\"><strong><em>Prezioso Visitatore che mi leggi, un breve commento, magari anche solo un saluto, scritto qui sotto, o un &#8216;Mi Piace&#8217; cliccato, Ti costa solo un piccolissimo sforzo, per\u00f2 far\u00e0 un GRANDE piacere a me, quando lo legger\u00f2! Grazie. <\/em> &nbsp; :O)<\/strong> <\/p>\n<p>&nbsp;<\/p>\n<p style=\"padding-top:150px;\">\n<p><span style=\"font-family:'Arial Narrow Special G1';font-size:small;\">Copyright \u00a9 2015 Guido Comin PoetaMatus\u00e8l &#8211;  Belluno, Italy. All rights reserved.<\/span><\/p>\n<p>&nbsp;<\/p>\n<p>&nbsp;<\/p>\n<p>&nbsp;<\/p>\n<p>.<\/p>\n","protected":false},"excerpt":{"rendered":"<p>&nbsp; &nbsp; Tra poco pagheremo troppo cara questa improvvisa, inattesa primavera, con TAEG e TAN ed altri impensabili formule d\u2019interessi, proprie degli usurai. E il Piave \u00e8 mezzo vuoto, che sembra quasi estate, in un tiepidissimo febbraio, mentre volo veloce in alto sui filari di viti, coi finestrini aperti spalancati. E mi sorprende il gheppio, [&hellip;]<\/p>\n","protected":false},"author":1,"featured_media":0,"comment_status":"open","ping_status":"open","sticky":false,"template":"","format":"standard","meta":{"footnotes":""},"categories":[5,13,6],"tags":[42,211,442,993,1049,1078,1120,1206,1265,1360,1444,2189,2285,2291,2345,2709,2865,2875,2992,3062,3124],"class_list":["post-4799","post","type-post","status-publish","format-standard","hentry","category-poesia-contemporanea-2","category-poesia-italiana","category-poetry-poesia","tag-acquisto-a-rate","tag-arvicola","tag-canneto","tag-false-speranze","tag-filari-di-viti","tag-fiume-piave","tag-fossi","tag-gheppio","tag-goffredo-parise","tag-illusione","tag-interessi-da-usura","tag-piave-di-parise","tag-politichese","tag-ponte-di-piave","tag-primavera-precoce","tag-siccita","tag-taeg","tag-tan","tag-troppo-sole","tag-vane-speranze","tag-vigneti"],"_links":{"self":[{"href":"https:\/\/www.poetamatusel.org\/index.php?rest_route=\/wp\/v2\/posts\/4799","targetHints":{"allow":["GET"]}}],"collection":[{"href":"https:\/\/www.poetamatusel.org\/index.php?rest_route=\/wp\/v2\/posts"}],"about":[{"href":"https:\/\/www.poetamatusel.org\/index.php?rest_route=\/wp\/v2\/types\/post"}],"author":[{"embeddable":true,"href":"https:\/\/www.poetamatusel.org\/index.php?rest_route=\/wp\/v2\/users\/1"}],"replies":[{"embeddable":true,"href":"https:\/\/www.poetamatusel.org\/index.php?rest_route=%2Fwp%2Fv2%2Fcomments&post=4799"}],"version-history":[{"count":0,"href":"https:\/\/www.poetamatusel.org\/index.php?rest_route=\/wp\/v2\/posts\/4799\/revisions"}],"wp:attachment":[{"href":"https:\/\/www.poetamatusel.org\/index.php?rest_route=%2Fwp%2Fv2%2Fmedia&parent=4799"}],"wp:term":[{"taxonomy":"category","embeddable":true,"href":"https:\/\/www.poetamatusel.org\/index.php?rest_route=%2Fwp%2Fv2%2Fcategories&post=4799"},{"taxonomy":"post_tag","embeddable":true,"href":"https:\/\/www.poetamatusel.org\/index.php?rest_route=%2Fwp%2Fv2%2Ftags&post=4799"}],"curies":[{"name":"wp","href":"https:\/\/api.w.org\/{rel}","templated":true}]}}