{"id":4753,"date":"2015-01-07T18:19:15","date_gmt":"2015-01-07T17:19:15","guid":{"rendered":"http:\/\/poetamatusel.com\/?p=4723"},"modified":"2015-01-07T18:19:15","modified_gmt":"2015-01-07T17:19:15","slug":"la-luna-e-i-falo","status":"publish","type":"post","link":"https:\/\/www.poetamatusel.org\/?p=4753","title":{"rendered":"LA LUNA E I FAL\u00d2"},"content":{"rendered":"<p>&nbsp;<\/p>\n<table width=\"999\" border=\"0\" cellpadding=\"2\" cellspacing=\"0\">\n<tbody>\n<p><a href=\"https:\/\/www.poetamatusel.org\/wp-content\/uploads\/2015\/01\/rogo-de-la-vecia-a-maserada-sul-piave-tv-foto-guido-comin-poetamatusel.jpg\"><img loading=\"lazy\" decoding=\"async\" src=\"https:\/\/www.poetamatusel.org\/wp-content\/uploads\/2015\/01\/rogo-de-la-vecia-a-maserada-sul-piave-tv-foto-guido-comin-poetamatusel.jpg?w=640\" title=\"Rogo 'de la vecia' a Maserada sul Piave (TV) - Foto Guido Comin PoetaMatus\u00e8l\" width=\"640\" height=\"483\" class=\"alignleft size-large wp-image-4724\" \/><\/a><\/p>\n<tr>\n<td valign=\"top\" width=\"999\"><\/td>\n<\/tr>\n<\/tbody>\n<\/table>\n<p>&nbsp;<\/p>\n<p style=\"padding-left:230px;\"><em>Anche un omaggio a Cesare Pavese<\/em> <\/p>\n<p>&nbsp;<\/p>\n<p style=\"padding-left:30px;\">Acre odore di fumo intride l\u2019intera pianura,<br \/>\nperch\u00e9 questa sera ovunque si bruciano streghe;<br \/>\nma il tanfo pi\u00f9 insopportabile \u00e8 quello dei roghi<br \/>\nsui quali ogni giorno si immolano vane speranze<br \/>\nche l\u2019Uomo Futuro possa tra breve tornare<br \/>\nad essere ancora una volta quel dio primordiale.  <\/p>\n<p style=\"padding-left:30px;\">Troppo incinta stanotte, la luna non vuole saperne<br \/>\ndi romantiche strofe che cantino amori immortali,<br \/>\nn\u00e9 di case in collina che quasi davamo alle fiamme,<br \/>\nn\u00e9 di Morti che forse verranno e avranno i tuoi occhi.<br \/>\nVorrebbe piuttosto vederci, fumatori moderni di carta,<br \/>\nrispondere  <strong>no<\/strong> a una Vita \u2013 che ancora ci lega le mani!  <\/p>\n<p>&nbsp;<\/p>\n<p>&nbsp;<\/p>\n<table width=\"999\" border=\"0\" cellpadding=\"2\" cellspacing=\"0\">\n<tbody>\n<p><a href=\"https:\/\/www.poetamatusel.org\/wp-content\/uploads\/2015\/01\/luna-troppo-incinta-foto-guido-comin-poetamatusel.jpg\"><img loading=\"lazy\" decoding=\"async\" src=\"https:\/\/www.poetamatusel.org\/wp-content\/uploads\/2015\/01\/luna-troppo-incinta-foto-guido-comin-poetamatusel.jpg?w=640\" title=\"Luna troppo incinta - Foto Guido Comin PoetaMatus\u00e8l\" width=\"640\" height=\"464\" class=\"alignleft size-large wp-image-4725\" \/><\/a><\/p>\n<tr>\n<td valign=\"top\" width=\"999\"><\/td>\n<\/tr>\n<\/tbody>\n<\/table>\n<p>&nbsp;<\/p>\n<p>&nbsp;<\/p>\n<p><a href=\"https:\/\/www.poetamatusel.org\/wp-content\/uploads\/2012\/10\/icon-for-audio-files.jpg\"><img loading=\"lazy\" decoding=\"async\" src=\"https:\/\/www.poetamatusel.org\/wp-content\/uploads\/2012\/10\/icon-for-audio-files.jpg\" alt=\"\" title=\"AUDIO * FILE * AUDIO\" width=\"35\" height=\"35\" class=\"alignleft wp-image-2897\" \/><\/a>  <strong>PoetaMatus\u00e8l legge<br \/>\nLA LUNA E I FAL\u00d2<\/strong>  <\/p>\n<audio class=\"wp-audio-shortcode\" id=\"audio-4753-1\" preload=\"none\" style=\"width: 100%;\" controls=\"controls\"><source type=\"audio\/mpeg\" src=\"https:\/\/www.poetamatusel.org\/wp-content\/uploads\/2015\/01\/la-luna-e-i-falc3b2.mp3?_=1\" \/><a href=\"https:\/\/www.poetamatusel.org\/wp-content\/uploads\/2015\/01\/la-luna-e-i-falc3b2.mp3\">https:\/\/www.poetamatusel.org\/wp-content\/uploads\/2015\/01\/la-luna-e-i-falc3b2.mp3<\/a><\/audio>\n<p>&nbsp;<\/p>\n<p>&nbsp;<\/p>\n<p><a href=\"https:\/\/www.poetamatusel.org\/wp-content\/uploads\/2012\/11\/link-symbol-for-blog.jpg\"><img loading=\"lazy\" decoding=\"async\" src=\"https:\/\/www.poetamatusel.org\/wp-content\/uploads\/2012\/11\/link-symbol-for-blog.jpg\" alt=\"* LINK *\" width=\"35\" height=\"35\" class=\"alignleft wp-image-2959\" \/><\/a><a href=\"http:\/\/www.poesie.reportonline.it\/poesie-di-cesare-pavese\/fumatori-di-carta-di-cesare-pavese.html\" title=\"FUMATORI DI CARTA, di Cesare Pavese\" target=\"_blank\"><strong>FUMATORI DI CARTA, di Cesare Pavese<\/strong><\/a><\/p>\n<p>&nbsp;<\/p>\n<p>&nbsp;<\/p>\n<table width=\"999\" border=\"0\" cellpadding=\"2\" cellspacing=\"0\">\n<tbody>\n<p><a href=\"https:\/\/www.poetamatusel.org\/wp-content\/uploads\/2015\/01\/tradizionale-panevin-trevigiano-dellepifania-foto-guido-comin-poetamatusel-1.jpg\"><img loading=\"lazy\" decoding=\"async\" src=\"https:\/\/www.poetamatusel.org\/wp-content\/uploads\/2015\/01\/tradizionale-panevin-trevigiano-dellepifania-foto-guido-comin-poetamatusel-1.jpg?w=640\" title=\"Tradizionale 'panevin', fal\u00f2 trevigiano dell'Epifania - Foto Guido Comin PoetaMatus\u00e8l\" width=\"640\" height=\"480\" class=\"alignleft size-large wp-image-4726\" \/><\/a><\/p>\n<tr>\n<td valign=\"top\" width=\"999\"><\/td>\n<\/tr>\n<\/tbody>\n<\/table>\n<p>&nbsp;<br \/>\n&nbsp;<br \/>\n&nbsp;<br \/>\n&nbsp;<\/p>\n<p><a href=\"https:\/\/www.poetamatusel.org\/wp-content\/uploads\/2014\/10\/comment1.jpg\"><img loading=\"lazy\" decoding=\"async\" src=\"https:\/\/www.poetamatusel.org\/wp-content\/uploads\/2014\/10\/comment1.jpg?w=100\" alt=\"COMMENT\" width=\"100\" height=\"89\" class=\"alignleft size-large wp-image-4596\" \/><\/a><\/p>\n<p style=\"padding-left:40px;\"><strong>Prezioso Visitatore, che mi leggi: un breve commento, magari anche solo un saluto, scritto qui sotto, o un &#8216;Mi Piace&#8217; cliccato, Ti costa solo un piccolo sforzo, per\u00f2 far\u00e0 un GRANDE piacere a me, che lo trovo! Grazie. :O)<\/strong> <\/p>\n<p>&nbsp;<\/p>\n<p style=\"padding-top:100px;\">\n<p><span style=\"font-family:'Arial Narrow Special G1';font-size:small;\">Copyright \u00a9 2015 Guido Comin PoetaMatus\u00e8l &#8211;  Belluno, Italy. All rights reserved.<\/span><\/p>\n<p>&nbsp;<\/p>\n<p>&nbsp;<\/p>\n<p>&nbsp;<\/p>\n<p>.<br \/>\n\u2003<\/p>\n","protected":false},"excerpt":{"rendered":"<p>&nbsp; &nbsp; Anche un omaggio a Cesare Pavese &nbsp; Acre odore di fumo intride l\u2019intera pianura, perch\u00e9 questa sera ovunque si bruciano streghe; ma il tanfo pi\u00f9 insopportabile \u00e8 quello dei roghi sui quali ogni giorno si immolano vane speranze che l\u2019Uomo Futuro possa tra breve tornare ad essere ancora una volta quel dio primordiale. [&hellip;]<\/p>\n","protected":false},"author":1,"featured_media":0,"comment_status":"open","ping_status":"open","sticky":false,"template":"","format":"standard","meta":{"footnotes":""},"categories":[13,6],"tags":[531,797,830,1156,1157,1160,1165,1506,1510,1540,1677,2535,2695,2827,3042,3061,3062,3098],"class_list":["post-4753","post","type-post","status-publish","format-standard","hentry","category-poesia-italiana","category-poetry-poesia","tag-cesare-pavese","tag-dio-primordiale","tag-divinita-originale","tag-fumatori-di-carta","tag-fumo","tag-fuoco","tag-futuro-del-mondo","tag-la-casa-in-collina","tag-la-luna-e-i-falo","tag-lavorare-stanca","tag-mani-legate","tag-rogo","tag-sete-di-liberta","tag-streghe","tag-uomo-futuro","tag-vana-speranza","tag-vane-speranze","tag-verra-la-morte-e-avra-i-tuoi-occhi"],"_links":{"self":[{"href":"https:\/\/www.poetamatusel.org\/index.php?rest_route=\/wp\/v2\/posts\/4753","targetHints":{"allow":["GET"]}}],"collection":[{"href":"https:\/\/www.poetamatusel.org\/index.php?rest_route=\/wp\/v2\/posts"}],"about":[{"href":"https:\/\/www.poetamatusel.org\/index.php?rest_route=\/wp\/v2\/types\/post"}],"author":[{"embeddable":true,"href":"https:\/\/www.poetamatusel.org\/index.php?rest_route=\/wp\/v2\/users\/1"}],"replies":[{"embeddable":true,"href":"https:\/\/www.poetamatusel.org\/index.php?rest_route=%2Fwp%2Fv2%2Fcomments&post=4753"}],"version-history":[{"count":0,"href":"https:\/\/www.poetamatusel.org\/index.php?rest_route=\/wp\/v2\/posts\/4753\/revisions"}],"wp:attachment":[{"href":"https:\/\/www.poetamatusel.org\/index.php?rest_route=%2Fwp%2Fv2%2Fmedia&parent=4753"}],"wp:term":[{"taxonomy":"category","embeddable":true,"href":"https:\/\/www.poetamatusel.org\/index.php?rest_route=%2Fwp%2Fv2%2Fcategories&post=4753"},{"taxonomy":"post_tag","embeddable":true,"href":"https:\/\/www.poetamatusel.org\/index.php?rest_route=%2Fwp%2Fv2%2Ftags&post=4753"}],"curies":[{"name":"wp","href":"https:\/\/api.w.org\/{rel}","templated":true}]}}