{"id":4606,"date":"2014-10-23T13:14:01","date_gmt":"2014-10-23T11:14:01","guid":{"rendered":"http:\/\/poetamatusel.com\/?p=4606"},"modified":"2014-10-23T13:14:01","modified_gmt":"2014-10-23T11:14:01","slug":"lultimo-epilogo","status":"publish","type":"post","link":"https:\/\/www.poetamatusel.org\/?p=4606","title":{"rendered":"L\u2019ULTIMO EPILOGO"},"content":{"rendered":"<p>&nbsp;<\/p>\n<table width=\"999\" border=\"0\" cellpadding=\"2\" cellspacing=\"0\">\n<tbody>\n<p><a href=\"https:\/\/www.poetamatusel.org\/wp-content\/uploads\/2014\/10\/foglia-dautunno-moribonda-foto-guido-comin-poetamatusel.jpg\"><img loading=\"lazy\" decoding=\"async\" src=\"https:\/\/www.poetamatusel.org\/wp-content\/uploads\/2014\/10\/foglia-dautunno-moribonda-foto-guido-comin-poetamatusel.jpg?w=640\" title=\"Foglia d'autunno, moribonda - Foto Guido Comin PoetaMatus\u00e8l\" width=\"640\" height=\"460\" class=\"alignleft size-large wp-image-4607\" srcset=\"https:\/\/www.poetamatusel.org\/wp-content\/uploads\/2014\/10\/foglia-dautunno-moribonda-foto-guido-comin-poetamatusel.jpg 4182w, https:\/\/www.poetamatusel.org\/wp-content\/uploads\/2014\/10\/foglia-dautunno-moribonda-foto-guido-comin-poetamatusel-300x216.jpg 300w, https:\/\/www.poetamatusel.org\/wp-content\/uploads\/2014\/10\/foglia-dautunno-moribonda-foto-guido-comin-poetamatusel-768x552.jpg 768w, https:\/\/www.poetamatusel.org\/wp-content\/uploads\/2014\/10\/foglia-dautunno-moribonda-foto-guido-comin-poetamatusel-1024x737.jpg 1024w\" sizes=\"auto, (max-width: 640px) 100vw, 640px\" \/><\/a><\/p>\n<tr>\n<td valign=\"top\" width=\"999\"><\/td>\n<\/tr>\n<\/tbody>\n<\/table>\n<p>&nbsp;<\/p>\n<p style=\"padding-left:40px;\">Vi sveglierete, un bel giorno,<br \/>\ne saprete che sar\u00e0 quasi finita.<br \/>\nSar\u00e0 la fine gi\u00e0 preannunciata<br \/>\nda vati e poeti, quelli pi\u00f9 scomodi.<br \/>\nSar\u00e0 poca la gente per strada,<br \/>\nquando verr\u00f2 a prenderti,<br \/>\namore mio non consumato,<br \/>\nper\u00f2 consumata nella pelle<br \/>\ndai mille veleni che ti regalano.<br \/>\nPasser\u00f2 a prenderti, ma solo<br \/>\na piedi, perch\u00e9 andremo, ormai,<br \/>\ntutti a piedi, alla fine dei tempi.<br \/>\nE forse verr\u00f2 da te soltanto<br \/>\ncon la parte migliore di me,<br \/>\nper aver voluto anticipare<br \/>\ni tempi, per una volta, io che<br \/>\nho sempre posticipato, rinviato,<br \/>\nprocrastinato quasi tutto, ma<br \/>\nnon questa volta, finalissima.<br \/>\nVerr\u00f2 solo per accompagnarti<br \/>\nin un luogo di degna bellezza,<br \/>\nnon lontano ma molto speciale,<br \/>\nluogo unico, solo, particolare:<br \/>\ntuo meritato, stupendo <em>parterre<\/em><br \/>\ndei nostri ultimi e sapidi istanti.  <\/p>\n<p>&nbsp;<\/p>\n<p style=\"padding-top:20px;\">\n<table width=\"999\" border=\"0\" cellpadding=\"2\" cellspacing=\"0\">\n<tbody>\n<p><a href=\"https:\/\/www.poetamatusel.org\/wp-content\/uploads\/2014\/10\/foglia-quasi-la-fine-foto-guido-comin-poetamatusel.jpg\"><img loading=\"lazy\" decoding=\"async\" src=\"https:\/\/www.poetamatusel.org\/wp-content\/uploads\/2014\/10\/foglia-quasi-la-fine-foto-guido-comin-poetamatusel.jpg?w=640\" title=\"Foglia, quasi la fine - Foto Guido Comin PoetaMatus\u00e8l\" width=\"640\" height=\"480\" class=\"alignleft size-large wp-image-4608\" \/><\/a><\/p>\n<tr>\n<td valign=\"top\" width=\"999\"><\/td>\n<\/tr>\n<\/tbody>\n<\/table>\n<p>&nbsp;<\/p>\n<p style=\"padding-top:10px;\">\n<p><a href=\"https:\/\/www.poetamatusel.org\/wp-content\/uploads\/2012\/10\/icon-for-audio-files.jpg\"><img loading=\"lazy\" decoding=\"async\" src=\"https:\/\/www.poetamatusel.org\/wp-content\/uploads\/2012\/10\/icon-for-audio-files.jpg\" alt=\"\" title=\"AUDIO * FILE * AUDIO\" width=\"35\" height=\"35\" class=\"alignleft wp-image-2897\" \/><\/a>  <strong>PoetaMatus\u00e8l legge<br \/>\nL\u2019ULTIMO EPILOGO<\/strong>  <\/p>\n<audio class=\"wp-audio-shortcode\" id=\"audio-4606-1\" preload=\"none\" style=\"width: 100%;\" controls=\"controls\"><source type=\"audio\/mpeg\" src=\"https:\/\/www.poetamatusel.org\/wp-content\/uploads\/2014\/10\/l-ultimo-epilogo.mp3?_=1\" \/><a href=\"https:\/\/www.poetamatusel.org\/wp-content\/uploads\/2014\/10\/l-ultimo-epilogo.mp3\">https:\/\/www.poetamatusel.org\/wp-content\/uploads\/2014\/10\/l-ultimo-epilogo.mp3<\/a><\/audio>\n<p>&nbsp;<br \/>\n&nbsp;<br \/>\n&nbsp;<\/p>\n<table width=\"999\" border=\"0\" cellpadding=\"2\" cellspacing=\"0\">\n<tbody>\n<p><a href=\"https:\/\/www.poetamatusel.org\/wp-content\/uploads\/2014\/10\/foglia-la-fine-foto-guido-comin-poetamatusel.jpg\"><img loading=\"lazy\" decoding=\"async\" src=\"https:\/\/www.poetamatusel.org\/wp-content\/uploads\/2014\/10\/foglia-la-fine-foto-guido-comin-poetamatusel.jpg?w=640\" title=\"Foglia, la fine - Foto Guido Comin PoetaMatus\u00e8l\" width=\"640\" height=\"463\" class=\"alignleft size-large wp-image-4609\" \/><\/a><\/p>\n<tr>\n<td valign=\"top\" width=\"999\"><\/td>\n<\/tr>\n<\/tbody>\n<\/table>\n<p>&nbsp;<br \/>\n&nbsp;<br \/>\n&nbsp;<br \/>\n&nbsp;<\/p>\n<p><a href=\"https:\/\/www.poetamatusel.org\/wp-content\/uploads\/2014\/10\/comment1.jpg\"><img loading=\"lazy\" decoding=\"async\" src=\"https:\/\/www.poetamatusel.org\/wp-content\/uploads\/2014\/10\/comment1.jpg?w=100\" alt=\"COMMENT\" width=\"100\" height=\"89\" class=\"alignleft size-large wp-image-4596\" \/><\/a><\/p>\n<p style=\"padding-left:40px;\"><strong>Prezioso Visitatore, che mi leggi: un breve commento, magari anche solo un saluto, scritto qui sotto, o un &#8216;Mi Piace&#8217; cliccato, Ti costa solo un piccolo sforzo, per\u00f2 far\u00e0 un GRANDE piacere a me, che lo trovo! Grazie. :O)<\/strong> <\/p>\n<p>&nbsp;<\/p>\n<p style=\"padding-top:150px;\">\n<p><span style=\"font-family:'Arial Narrow Special G1';font-size:x-small;\">Copyright \u00a9 2014 Guido Comin PoetaMatus\u00e8l &#8211;  Belluno, Italy. All rights reserved.<\/span><\/p>\n<p>&nbsp;<\/p>\n<p>&nbsp;<\/p>\n<p>&nbsp;<\/p>\n<p>.<\/p>\n","protected":false},"excerpt":{"rendered":"<p>&nbsp; &nbsp; Vi sveglierete, un bel giorno, e saprete che sar\u00e0 quasi finita. Sar\u00e0 la fine gi\u00e0 preannunciata da vati e poeti, quelli pi\u00f9 scomodi. Sar\u00e0 poca la gente per strada, quando verr\u00f2 a prenderti, amore mio non consumato, per\u00f2 consumata nella pelle dai mille veleni che ti regalano. Passer\u00f2 a prenderti, ma solo a [&hellip;]<\/p>\n","protected":false},"author":1,"featured_media":0,"comment_status":"open","ping_status":"open","sticky":false,"template":"","format":"standard","meta":{"footnotes":""},"categories":[13,6],"tags":[152,257,919,1053,1054,1094,1816,1946,2497],"class_list":["post-4606","post","type-post","status-publish","format-standard","hentry","category-poesia-italiana","category-poetry-poesia","tag-anima","tag-autunno-della-vita","tag-epilogo","tag-fine","tag-fine-del-mondo","tag-foglie-dautunno","tag-morte","tag-nuova-vita","tag-rinascita"],"_links":{"self":[{"href":"https:\/\/www.poetamatusel.org\/index.php?rest_route=\/wp\/v2\/posts\/4606","targetHints":{"allow":["GET"]}}],"collection":[{"href":"https:\/\/www.poetamatusel.org\/index.php?rest_route=\/wp\/v2\/posts"}],"about":[{"href":"https:\/\/www.poetamatusel.org\/index.php?rest_route=\/wp\/v2\/types\/post"}],"author":[{"embeddable":true,"href":"https:\/\/www.poetamatusel.org\/index.php?rest_route=\/wp\/v2\/users\/1"}],"replies":[{"embeddable":true,"href":"https:\/\/www.poetamatusel.org\/index.php?rest_route=%2Fwp%2Fv2%2Fcomments&post=4606"}],"version-history":[{"count":0,"href":"https:\/\/www.poetamatusel.org\/index.php?rest_route=\/wp\/v2\/posts\/4606\/revisions"}],"wp:attachment":[{"href":"https:\/\/www.poetamatusel.org\/index.php?rest_route=%2Fwp%2Fv2%2Fmedia&parent=4606"}],"wp:term":[{"taxonomy":"category","embeddable":true,"href":"https:\/\/www.poetamatusel.org\/index.php?rest_route=%2Fwp%2Fv2%2Fcategories&post=4606"},{"taxonomy":"post_tag","embeddable":true,"href":"https:\/\/www.poetamatusel.org\/index.php?rest_route=%2Fwp%2Fv2%2Ftags&post=4606"}],"curies":[{"name":"wp","href":"https:\/\/api.w.org\/{rel}","templated":true}]}}