{"id":4573,"date":"2014-10-04T22:51:28","date_gmt":"2014-10-04T20:51:28","guid":{"rendered":"http:\/\/poetamatusel.com\/?p=4573"},"modified":"2014-10-04T22:51:28","modified_gmt":"2014-10-04T20:51:28","slug":"i-versi-dellairone-the-book","status":"publish","type":"post","link":"https:\/\/www.poetamatusel.org\/?p=4573","title":{"rendered":"&#8220;I Versi dell&#8217;Airone&#8221; &#8211; The Book"},"content":{"rendered":"<p>&nbsp;<\/p>\n<table width=\"999\" border=\"0\" cellpadding=\"2\" cellspacing=\"0\">\n<tbody>\n<a href=\"https:\/\/www.poetamatusel.org\/wp-content\/uploads\/2014\/11\/copertina-definitiva.jpg\"><img loading=\"lazy\" decoding=\"async\" src=\"https:\/\/www.poetamatusel.org\/wp-content\/uploads\/2014\/11\/copertina-definitiva.jpg?w=199\" alt=\"COPERTINA - definitiva\" width=\"199\" height=\"300\" class=\"aligncenter size-medium wp-image-4633\" \/><\/a><\/p>\n<tr>\n<td valign=\"top\" width=\"999\"><\/td>\n<\/tr>\n<\/tbody>\n<\/table>\n<p>&nbsp;<\/p>\n<h2 style=\"text-align:center;\"><span style=\"color:#3366ff;\">Poetiche genti, eccovi, finalmente,<br \/>\nil tanto atteso evento!! <\/span><\/h2>\n<h3 style=\"text-align:center;\">\n<span style=\"color:#3366ff;\">Atteso da chi? Almeno dall&#8217;autore, di sicuro, <\/span><br \/>\n<span style=\"color:#3366ff;\">che da decenni continua a procrastinare<\/span><br \/>\n<span style=\"color:#3366ff;\">questo grande passo: la pubblicazione<\/span><br \/>\n<span style=\"color:#3366ff;\">del suo primo libro, cio\u00e8 di poesia tutta sua! <i class=\"_4-k1 img sp_vDfewtEkPde sx_0beec8\"><\/i><\/span><\/p>\n<p><span style=\"color:#3366ff;\">Per\u00f2 ora ci siamo quasi, anzi, pi\u00f9 che quasi!<\/span><br \/>\n<span style=\"color:#3366ff;\">La silloge, che sar\u00e0 pubblicata<\/span><br \/>\n<span style=\"color:#3366ff;\">dall&#8217;editore ALBALIBRI,<\/span><br \/>\n<span style=\"color:#3366ff;\">\u00e8 infatti gi\u00e0 nelle mani del tipografo,<\/span><br \/>\n<span style=\"color:#3366ff;\">con consegna prevista per venerd\u00ec 14! <i class=\"_4-k1 img sp_vDfewtEkPde sx_4f2cbd\"><\/i><\/span><\/h3>\n<h3 style=\"text-align:center;\"><em><span style=\"color:#3366ff;\">Il Vostro PoetaMatus\u00e8l<\/span><\/em><\/p>\n<p>&nbsp;<\/p>\n<p><a href=\"https:\/\/www.poetamatusel.org\/wp-content\/uploads\/2013\/10\/facebook-logo-very-small.jpg\"><img loading=\"lazy\" decoding=\"async\" src=\"https:\/\/www.poetamatusel.org\/wp-content\/uploads\/2013\/10\/facebook-logo-very-small.jpg\" alt=\"FACEBOOK-logo-very-small\" width=\"54\" height=\"53\" class=\"aligncenter wp-image-3813\" \/><\/a><\/p>\n<h3 style=\"text-align:center;\"><span style=\"color:#3366ff;\">In alternativa,<br \/>\npotete seguire la pagina su <em>facebook<\/em>, qui:<\/p>\n<p><a href=\"https:\/\/www.facebook.com\/iversidellairone\" title=\"I Versi dell'Airone\" target=\"_blank\"><strong>https:\/\/www.facebook.com\/iversidellairone<\/strong><\/a><\/span><\/p>\n<p>&nbsp;<\/p>\n<p><a href=\"https:\/\/www.poetamatusel.org\/wp-content\/uploads\/2014\/10\/albalibri-logo.jpg\"><img loading=\"lazy\" decoding=\"async\" src=\"https:\/\/www.poetamatusel.org\/wp-content\/uploads\/2014\/10\/albalibri-logo.jpg?w=150\" alt=\"ALBALIBRI - logo\" width=\"150\" height=\"117\" class=\"aligncenter size-thumbnail wp-image-4568\" srcset=\"https:\/\/www.poetamatusel.org\/wp-content\/uploads\/2014\/10\/albalibri-logo.jpg 356w, https:\/\/www.poetamatusel.org\/wp-content\/uploads\/2014\/10\/albalibri-logo-300x235.jpg 300w\" sizes=\"auto, (max-width: 150px) 100vw, 150px\" \/><\/a><\/p>\n<p style=\"text-align:center;\"><span style=\"color:#3366ff;\"><a href=\"http:\/\/www.albalibri.com\/\" title=\"Albalibri Editore\" target=\"_blank\"><strong>Albalibri Editore<\/strong><\/a><\/span><\/p>\n<p>&nbsp;<\/p>\n<p>&nbsp;<\/p>\n<p>&nbsp;<\/p>\n<p>&nbsp;<\/p>\n<p><span style=\"color:#3366ff;\"> . <\/span><\/h3>\n<p>&nbsp;<\/p>\n","protected":false},"excerpt":{"rendered":"<p>&nbsp; &nbsp; Poetiche genti, eccovi, finalmente, il tanto atteso evento!! Atteso da chi? Almeno dall&#8217;autore, di sicuro, che da decenni continua a procrastinare questo grande passo: la pubblicazione del suo primo libro, cio\u00e8 di poesia tutta sua! Per\u00f2 ora ci siamo quasi, anzi, pi\u00f9 che quasi! La silloge, che sar\u00e0 pubblicata dall&#8217;editore ALBALIBRI, \u00e8 infatti [&hellip;]<\/p>\n","protected":false},"author":1,"featured_media":0,"comment_status":"open","ping_status":"open","sticky":false,"template":"","format":"standard","meta":{"footnotes":""},"categories":[3,6],"tags":[77,1308,1343,1577,2230,2231,2233,2250,2251,2723],"class_list":["post-4573","post","type-post","status-publish","format-standard","hentry","category-eventi","category-poetry-poesia","tag-albalibri-editore","tag-guido-comin-poetamatusel","tag-i-versi-dellairone","tag-libro-di-poesia","tag-poesia-damore","tag-poesia-della-natura","tag-poesia-di-protesta","tag-poesia-italiana-contemporanea","tag-poesia-lirica","tag-silloge-poetica"],"_links":{"self":[{"href":"https:\/\/www.poetamatusel.org\/index.php?rest_route=\/wp\/v2\/posts\/4573","targetHints":{"allow":["GET"]}}],"collection":[{"href":"https:\/\/www.poetamatusel.org\/index.php?rest_route=\/wp\/v2\/posts"}],"about":[{"href":"https:\/\/www.poetamatusel.org\/index.php?rest_route=\/wp\/v2\/types\/post"}],"author":[{"embeddable":true,"href":"https:\/\/www.poetamatusel.org\/index.php?rest_route=\/wp\/v2\/users\/1"}],"replies":[{"embeddable":true,"href":"https:\/\/www.poetamatusel.org\/index.php?rest_route=%2Fwp%2Fv2%2Fcomments&post=4573"}],"version-history":[{"count":0,"href":"https:\/\/www.poetamatusel.org\/index.php?rest_route=\/wp\/v2\/posts\/4573\/revisions"}],"wp:attachment":[{"href":"https:\/\/www.poetamatusel.org\/index.php?rest_route=%2Fwp%2Fv2%2Fmedia&parent=4573"}],"wp:term":[{"taxonomy":"category","embeddable":true,"href":"https:\/\/www.poetamatusel.org\/index.php?rest_route=%2Fwp%2Fv2%2Fcategories&post=4573"},{"taxonomy":"post_tag","embeddable":true,"href":"https:\/\/www.poetamatusel.org\/index.php?rest_route=%2Fwp%2Fv2%2Ftags&post=4573"}],"curies":[{"name":"wp","href":"https:\/\/api.w.org\/{rel}","templated":true}]}}