{"id":4553,"date":"2014-10-01T15:07:47","date_gmt":"2014-10-01T13:07:47","guid":{"rendered":"http:\/\/poetamatusel.com\/?p=4553"},"modified":"2014-10-01T15:07:47","modified_gmt":"2014-10-01T13:07:47","slug":"primo-giorno-di-un-lucido-autunno","status":"publish","type":"post","link":"https:\/\/www.poetamatusel.org\/?p=4553","title":{"rendered":"PRIMO GIORNO DI UN LUCIDO AUTUNNO"},"content":{"rendered":"<p>&nbsp;<\/p>\n<table width=\"999\" border=\"0\" cellpadding=\"2\" cellspacing=\"0\">\n<tbody>\n<p><a href=\"https:\/\/www.poetamatusel.org\/wp-content\/uploads\/2014\/10\/threats_section_image_c_www-jsgrove-com_wwf.jpg\"><img loading=\"lazy\" decoding=\"async\" src=\"https:\/\/www.poetamatusel.org\/wp-content\/uploads\/2014\/10\/threats_section_image_c_www-jsgrove-com_wwf.jpg?w=640\" title=\"Foto (c) www.JSGrove.com - WWF\" width=\"640\" height=\"384\" class=\"alignleft size-large wp-image-4554\" srcset=\"https:\/\/www.poetamatusel.org\/wp-content\/uploads\/2014\/10\/threats_section_image_c_www-jsgrove-com_wwf.jpg 1000w, https:\/\/www.poetamatusel.org\/wp-content\/uploads\/2014\/10\/threats_section_image_c_www-jsgrove-com_wwf-300x180.jpg 300w, https:\/\/www.poetamatusel.org\/wp-content\/uploads\/2014\/10\/threats_section_image_c_www-jsgrove-com_wwf-768x461.jpg 768w\" sizes=\"auto, (max-width: 640px) 100vw, 640px\" \/><\/a><\/p>\n<tr>\n<td valign=\"top\" width=\"999\"><\/td>\n<\/tr>\n<\/tbody>\n<\/table>\n<p>&nbsp;<\/p>\n<p><span style=\"font-family:'Arial Narrow Special G1';font-size:small;\"><\/p>\n<p style=\"padding-left:350px;\"><em>A Silva<\/em><\/span><\/p>\n<p>&nbsp;<\/p>\n<p style=\"padding-left:40px;\">Allungo una mano sopra il letto, per\u00f2 non ti trovo.<br \/>\nMa, tutto sommato, forse va bene cos\u00ec: \u00e8 giusto fare<br \/>\ngi\u00e0 un poca di pratica fin da adesso, per quando,<br \/>\ntra non molto, tu non ci sarai pi\u00f9, nel letto ogni notte;<br \/>\nn\u00e9 altrove, nei soliti posti, quei nostri luoghi di sempre.<br \/>\nOppure per quando sar\u00f2 io quello a non esserci pi\u00f9.<br \/>\nE non perch\u00e9 ci saremo stufati l\u2019uno dell\u2019altra, no, no.<br \/>\nSar\u00e0 accaduto soltanto perch\u00e9 noi due ci saremo trovati,<br \/>\ncome due orsi bianchi \u2013 o polari \u2013 su due lastroni di<br \/>\nghiaccio del <em>pack<\/em> che si sono spezzati e poi separati,<br \/>\nperch\u00e9 il mondo intero \u00e8 cos\u00ec che si sta disintegrando,<br \/>\nsquagliando in modo lento, ma in compenso inesorabile,<br \/>\nvolutamente inevitabile, completamente irreversibile!  <\/p>\n<p>&nbsp;<\/p>\n<p style=\"padding-top:20px;\">\n<table width=\"999\" border=\"0\" cellpadding=\"2\" cellspacing=\"0\">\n<tbody>\n<p><a href=\"https:\/\/www.poetamatusel.org\/wp-content\/uploads\/2014\/10\/poeta-preoccupato-autoscatto-di-poetamatusc3a8l.jpg\"><img loading=\"lazy\" decoding=\"async\" src=\"https:\/\/www.poetamatusel.org\/wp-content\/uploads\/2014\/10\/poeta-preoccupato-autoscatto-di-poetamatusc3a8l.jpg?w=640\" title=\"Poeta preoccupato - Autoscatto di PoetaMatus\u00e8l\" width=\"640\" height=\"609\" class=\"alignleft size-large wp-image-4555\" srcset=\"https:\/\/www.poetamatusel.org\/wp-content\/uploads\/2014\/10\/poeta-preoccupato-autoscatto-di-poetamatusc3a8l.jpg 1703w, https:\/\/www.poetamatusel.org\/wp-content\/uploads\/2014\/10\/poeta-preoccupato-autoscatto-di-poetamatusc3a8l-300x286.jpg 300w, https:\/\/www.poetamatusel.org\/wp-content\/uploads\/2014\/10\/poeta-preoccupato-autoscatto-di-poetamatusc3a8l-768x732.jpg 768w, https:\/\/www.poetamatusel.org\/wp-content\/uploads\/2014\/10\/poeta-preoccupato-autoscatto-di-poetamatusc3a8l-1024x976.jpg 1024w\" sizes=\"auto, (max-width: 640px) 100vw, 640px\" \/><\/a><\/p>\n<tr>\n<td valign=\"top\" width=\"999\"><\/td>\n<\/tr>\n<\/tbody>\n<\/table>\n<p>&nbsp;<\/p>\n<p style=\"padding-top:10px;\">\n<p><a href=\"https:\/\/www.poetamatusel.org\/wp-content\/uploads\/2012\/10\/icon-for-audio-files.jpg\"><img loading=\"lazy\" decoding=\"async\" src=\"https:\/\/www.poetamatusel.org\/wp-content\/uploads\/2012\/10\/icon-for-audio-files.jpg\" alt=\"\" title=\"AUDIO * FILE * AUDIO\" width=\"35\" height=\"35\" class=\"alignleft wp-image-2897\" \/><\/a>  <strong>PoetaMatus\u00e8l legge<br \/>\nPRIMO GIORNO DI UN LUCIDO AUTUNNO<\/strong>  <\/p>\n<audio class=\"wp-audio-shortcode\" id=\"audio-4553-1\" preload=\"none\" style=\"width: 100%;\" controls=\"controls\"><source type=\"audio\/mpeg\" src=\"https:\/\/www.poetamatusel.org\/wp-content\/uploads\/2014\/10\/primo-giorno-di-un-lucido-autunno.mp3?_=1\" \/><a href=\"https:\/\/www.poetamatusel.org\/wp-content\/uploads\/2014\/10\/primo-giorno-di-un-lucido-autunno.mp3\">https:\/\/www.poetamatusel.org\/wp-content\/uploads\/2014\/10\/primo-giorno-di-un-lucido-autunno.mp3<\/a><\/audio>\n<p>&nbsp;<\/p>\n<p style=\"padding-top:150px;\">\n<p><span style=\"font-family:'Arial Narrow Special G1';font-size:x-small;\">Copyright \u00a9 2014 Guido Comin PoetaMatus\u00e8l &#8211;  Belluno, Italy. All rights reserved.<\/span><\/p>\n<p>&nbsp;<\/p>\n<p>&nbsp;<\/p>\n<p>&nbsp;<\/p>\n<p>.<\/p>\n","protected":false},"excerpt":{"rendered":"<p>&nbsp; &nbsp; A Silva &nbsp; Allungo una mano sopra il letto, per\u00f2 non ti trovo. Ma, tutto sommato, forse va bene cos\u00ec: \u00e8 giusto fare gi\u00e0 un poca di pratica fin da adesso, per quando, tra non molto, tu non ci sarai pi\u00f9, nel letto ogni notte; n\u00e9 altrove, nei soliti posti, quei nostri luoghi [&hellip;]<\/p>\n","protected":false},"author":1,"featured_media":0,"comment_status":"open","ping_status":"open","sticky":false,"template":"","format":"standard","meta":{"footnotes":""},"categories":[13,6],"tags":[256,504,776,883,1053,1207,1436,1495,1615,2016,2017,2032,2287,2429,2681,2777,2854,3197,3198],"class_list":["post-4553","post","type-post","status-publish","format-standard","hentry","category-poesia-italiana","category-poetry-poesia","tag-autunno","tag-catastrofe-ambientale","tag-destino","tag-effetto-serra","tag-fine","tag-ghiaccio","tag-inquinamento-ambientale","tag-karma","tag-lucidita","tag-orso-bianco","tag-orso-polare","tag-pack-polare","tag-polo-nord","tag-rassegnazione","tag-separazione","tag-specie-a-rischio","tag-surriscaldamento-globale","tag-world-wildlife-fund","tag-wwf"],"_links":{"self":[{"href":"https:\/\/www.poetamatusel.org\/index.php?rest_route=\/wp\/v2\/posts\/4553","targetHints":{"allow":["GET"]}}],"collection":[{"href":"https:\/\/www.poetamatusel.org\/index.php?rest_route=\/wp\/v2\/posts"}],"about":[{"href":"https:\/\/www.poetamatusel.org\/index.php?rest_route=\/wp\/v2\/types\/post"}],"author":[{"embeddable":true,"href":"https:\/\/www.poetamatusel.org\/index.php?rest_route=\/wp\/v2\/users\/1"}],"replies":[{"embeddable":true,"href":"https:\/\/www.poetamatusel.org\/index.php?rest_route=%2Fwp%2Fv2%2Fcomments&post=4553"}],"version-history":[{"count":0,"href":"https:\/\/www.poetamatusel.org\/index.php?rest_route=\/wp\/v2\/posts\/4553\/revisions"}],"wp:attachment":[{"href":"https:\/\/www.poetamatusel.org\/index.php?rest_route=%2Fwp%2Fv2%2Fmedia&parent=4553"}],"wp:term":[{"taxonomy":"category","embeddable":true,"href":"https:\/\/www.poetamatusel.org\/index.php?rest_route=%2Fwp%2Fv2%2Fcategories&post=4553"},{"taxonomy":"post_tag","embeddable":true,"href":"https:\/\/www.poetamatusel.org\/index.php?rest_route=%2Fwp%2Fv2%2Ftags&post=4553"}],"curies":[{"name":"wp","href":"https:\/\/api.w.org\/{rel}","templated":true}]}}