{"id":4545,"date":"2014-10-01T14:39:47","date_gmt":"2014-10-01T12:39:47","guid":{"rendered":"http:\/\/poetamatusel.com\/?p=4542"},"modified":"2014-10-01T14:39:47","modified_gmt":"2014-10-01T12:39:47","slug":"orfano-mai-senza-madre","status":"publish","type":"post","link":"https:\/\/www.poetamatusel.org\/?p=4545","title":{"rendered":"ORFANO, MAI SENZA MADRE"},"content":{"rendered":"<p>&nbsp;<\/p>\n<table width=\"999\" border=\"0\" cellpadding=\"2\" cellspacing=\"0\">\n<tbody>\n<p><a href=\"https:\/\/www.poetamatusel.org\/wp-content\/uploads\/2014\/10\/mia-madre-corinna-con-bimbo.jpg\"><img loading=\"lazy\" decoding=\"async\" src=\"https:\/\/www.poetamatusel.org\/wp-content\/uploads\/2014\/10\/mia-madre-corinna-con-bimbo.jpg\" title=\"Mia madre Corinna con bimbo - inizio anni 50\" width=\"484\" height=\"670\" class=\"alignleft size-full wp-image-4543\" \/><\/a><\/p>\n<tr>\n<td valign=\"top\" width=\"999\"><\/td>\n<\/tr>\n<\/tbody>\n<\/table>\n<p>&nbsp;<\/p>\n<p><span style=\"font-family:'Arial Narrow Special G1';font-size:small;\"><\/p>\n<p style=\"padding-left:240px;\"><em>A mia madre Corinna<\/em><\/span><\/p>\n<p>&nbsp;<\/p>\n<p style=\"padding-left:40px;\">Mia madre mor\u00ec, io bambino.<br \/>\nCapii solo molto pi\u00f9 tardi<br \/>\nche lei non mi aveva lasciato<br \/>\nda solo, abbandonato in bal\u00eca<br \/>\ndi venti o di mani qualunque,<br \/>\nnel buio che gi\u00e0 conoscevo,<br \/>\nin tetre foreste di nordiche storie.<br \/>\nLei mi aveva lasciato un dono<br \/>\nimmenso \u2013 una Madre \u2013 adottiva<br \/>\nforse, per\u00f2, a differenza di lei<br \/>\nstessa, una creatura immortale:<br \/>\nPoesia, che tengono viva le Muse,<br \/>\ndolci, imprescindibili fonti di luce,<br \/>\ninestinguibili b\u00e0lie dell\u2019Ispirazione! <\/p>\n<p>&nbsp;<\/p>\n<p style=\"padding-top:20px;\">\n<table width=\"999\" border=\"0\" cellpadding=\"2\" cellspacing=\"0\">\n<tbody>\n<p><a href=\"https:\/\/www.poetamatusel.org\/wp-content\/uploads\/2014\/10\/musa-fonte-di-luce-foto-guido-comin-poetamatusel.jpg\"><img loading=\"lazy\" decoding=\"async\" src=\"https:\/\/www.poetamatusel.org\/wp-content\/uploads\/2014\/10\/musa-fonte-di-luce-foto-guido-comin-poetamatusel.jpg?w=640\" title=\"Musa, fonte di luce - Foto Guido Comin PoetaMatus\u00e8l\" width=\"640\" height=\"929\" class=\"alignleft size-large wp-image-4544\" \/><\/a><\/p>\n<tr>\n<td valign=\"top\" width=\"999\"><\/td>\n<\/tr>\n<\/tbody>\n<\/table>\n<p>&nbsp;<\/p>\n<p><a href=\"https:\/\/www.poetamatusel.org\/wp-content\/uploads\/2012\/10\/icon-for-audio-files.jpg\"><img loading=\"lazy\" decoding=\"async\" src=\"https:\/\/www.poetamatusel.org\/wp-content\/uploads\/2012\/10\/icon-for-audio-files.jpg\" alt=\"\" title=\"AUDIO * FILE * AUDIO\" width=\"35\" height=\"35\" class=\"alignleft wp-image-2897\" \/><\/a>  <strong>PoetaMatus\u00e8l legge<br \/>\nORFANO, MAI SENZA MADRE<\/strong>  <\/p>\n<audio class=\"wp-audio-shortcode\" id=\"audio-4545-1\" preload=\"none\" style=\"width: 100%;\" controls=\"controls\"><source type=\"audio\/mpeg\" src=\"https:\/\/www.poetamatusel.org\/wp-content\/uploads\/2014\/10\/orfano-mai-senza-madre.mp3?_=1\" \/><a href=\"https:\/\/www.poetamatusel.org\/wp-content\/uploads\/2014\/10\/orfano-mai-senza-madre.mp3\">https:\/\/www.poetamatusel.org\/wp-content\/uploads\/2014\/10\/orfano-mai-senza-madre.mp3<\/a><\/audio>\n<p>&nbsp;<\/p>\n<p>&nbsp;<\/p>\n<p><a href=\"https:\/\/www.poetamatusel.org\/wp-content\/uploads\/2012\/11\/link-symbol-for-blog.jpg\"><img loading=\"lazy\" decoding=\"async\" src=\"https:\/\/www.poetamatusel.org\/wp-content\/uploads\/2012\/11\/link-symbol-for-blog.jpg\" alt=\"* LINK *\" width=\"35\" height=\"35\" class=\"alignleft wp-image-2959\" \/><\/a> <a href=\"https:\/\/www.facebook.com\/guido.comin\/media_set?set=a.10150256784827549.328637.683902548&amp;type=3\" title=\"Mia madre Corinna\" target=\"_blank\"><strong>Clicca qui, per vedere altre foto di mia madre Corinna su <em>facebook<\/em>.<\/strong><\/a><\/p>\n<p>&nbsp;<\/p>\n<p style=\"padding-top:150px;\">\n<p><span style=\"font-family:'Arial Narrow Special G1';font-size:x-small;\">Copyright \u00a9 2014 Guido Comin PoetaMatus\u00e8l &#8211;  Belluno, Italy. All rights reserved.<\/span><\/p>\n<p>&nbsp;<\/p>\n<p>&nbsp;<\/p>\n<p>&nbsp;<\/p>\n<p>.<\/p>\n","protected":false},"excerpt":{"rendered":"<p>&nbsp; &nbsp; A mia madre Corinna &nbsp; Mia madre mor\u00ec, io bambino. Capii solo molto pi\u00f9 tardi che lei non mi aveva lasciato da solo, abbandonato in bal\u00eca di venti o di mani qualunque, nel buio che gi\u00e0 conoscevo, in tetre foreste di nordiche storie. Lei mi aveva lasciato un dono immenso \u2013 una Madre [&hellip;]<\/p>\n","protected":false},"author":1,"featured_media":0,"comment_status":"open","ping_status":"open","sticky":false,"template":"","format":"standard","meta":{"footnotes":""},"categories":[13,6],"tags":[24,302,839,924,1469,1533,1613,1635,1800,1816,1845,1850,1955,2010,2223,2262],"class_list":["post-4545","post","type-post","status-publish","format-standard","hentry","category-poesia-italiana","category-poetry-poesia","tag-abbandono","tag-balia","tag-dolomiti","tag-eredita","tag-ispirazione","tag-lascito","tag-luce","tag-madre","tag-monte-rite","tag-morte","tag-musa","tag-muse","tag-nutrice","tag-orfano","tag-poesia","tag-poeta"],"_links":{"self":[{"href":"https:\/\/www.poetamatusel.org\/index.php?rest_route=\/wp\/v2\/posts\/4545","targetHints":{"allow":["GET"]}}],"collection":[{"href":"https:\/\/www.poetamatusel.org\/index.php?rest_route=\/wp\/v2\/posts"}],"about":[{"href":"https:\/\/www.poetamatusel.org\/index.php?rest_route=\/wp\/v2\/types\/post"}],"author":[{"embeddable":true,"href":"https:\/\/www.poetamatusel.org\/index.php?rest_route=\/wp\/v2\/users\/1"}],"replies":[{"embeddable":true,"href":"https:\/\/www.poetamatusel.org\/index.php?rest_route=%2Fwp%2Fv2%2Fcomments&post=4545"}],"version-history":[{"count":0,"href":"https:\/\/www.poetamatusel.org\/index.php?rest_route=\/wp\/v2\/posts\/4545\/revisions"}],"wp:attachment":[{"href":"https:\/\/www.poetamatusel.org\/index.php?rest_route=%2Fwp%2Fv2%2Fmedia&parent=4545"}],"wp:term":[{"taxonomy":"category","embeddable":true,"href":"https:\/\/www.poetamatusel.org\/index.php?rest_route=%2Fwp%2Fv2%2Fcategories&post=4545"},{"taxonomy":"post_tag","embeddable":true,"href":"https:\/\/www.poetamatusel.org\/index.php?rest_route=%2Fwp%2Fv2%2Ftags&post=4545"}],"curies":[{"name":"wp","href":"https:\/\/api.w.org\/{rel}","templated":true}]}}