{"id":4474,"date":"2014-08-16T13:53:57","date_gmt":"2014-08-16T11:53:57","guid":{"rendered":"http:\/\/poetamatusel.com\/?p=4474"},"modified":"2014-08-16T13:53:57","modified_gmt":"2014-08-16T11:53:57","slug":"e-la-chiamano-estate-in-poetica-attesa-di-unestate-latitante","status":"publish","type":"post","link":"https:\/\/www.poetamatusel.org\/?p=4474","title":{"rendered":"E LA CHIAMANO &#8230; ESTATE! (In poetica attesa di un&#8217;estate latitante)"},"content":{"rendered":"<p>&nbsp;<\/p>\n<table width=\"999\" border=\"0\" cellpadding=\"2\" cellspacing=\"0\">\n<tbody>\n<p><a href=\"https:\/\/www.poetamatusel.org\/wp-content\/uploads\/2014\/08\/pioggia-x-feltre-sized.jpg\"><img loading=\"lazy\" decoding=\"async\" class=\"aligncenter size-large wp-image-4475\" src=\"https:\/\/www.poetamatusel.org\/wp-content\/uploads\/2014\/08\/pioggia-x-feltre-sized.jpg?w=640\" alt=\"Pioggia x Feltre - SIZED\" width=\"640\" height=\"206\" srcset=\"https:\/\/www.poetamatusel.org\/wp-content\/uploads\/2014\/08\/pioggia-x-feltre-sized.jpg 2001w, https:\/\/www.poetamatusel.org\/wp-content\/uploads\/2014\/08\/pioggia-x-feltre-sized-300x97.jpg 300w, https:\/\/www.poetamatusel.org\/wp-content\/uploads\/2014\/08\/pioggia-x-feltre-sized-768x248.jpg 768w, https:\/\/www.poetamatusel.org\/wp-content\/uploads\/2014\/08\/pioggia-x-feltre-sized-1024x331.jpg 1024w\" sizes=\"auto, (max-width: 640px) 100vw, 640px\" \/><\/a><\/p>\n<tr>\n<td valign=\"top\" width=\"999\"><\/td>\n<\/tr>\n<\/tbody>\n<\/table>\n<p>&nbsp;<\/p>\n<h2 style=\"text-align:center;\"><span style=\"color:#3366ff;\"> E LA CHIAMANO &#8230; ESTATE!<br \/>\n<\/span><br \/>\n<span style=\"color:#3366ff;\">(In poetica attesa di un&#8217;estate latitante)<\/p>\n<p><\/span><\/h2>\n<p style=\"text-align:center;\"><span style=\"color:#3366ff;\"><strong>@ Caff\u00e8 Commercio<\/strong><\/span><br \/>\n<span style=\"color:#3366ff;\"><strong>Largo Castaldi<\/strong><\/span><br \/>\n<span style=\"color:#3366ff;\"><strong>Feltre (BL)<\/p>\n<p><\/strong><\/span><\/p>\n<p style=\"text-align:center;\"><span style=\"color:#3366ff;\"><strong>mercoled\u00ec 20 agosto<br \/>\nore 21:00<\/strong><\/span><\/p>\n<p>&nbsp;<\/p>\n<p><a href=\"https:\/\/www.poetamatusel.org\/wp-content\/uploads\/2013\/05\/poeti-alternativi-logo-1.jpg\"><img loading=\"lazy\" decoding=\"async\" class=\"aligncenter size-full wp-image-3574\" src=\"https:\/\/www.poetamatusel.org\/wp-content\/uploads\/2013\/05\/poeti-alternativi-logo-1.jpg\" alt=\"POETI-ALTERNATIVI-logo\" width=\"200\" height=\"240\" \/><\/a><\/p>\n<p>&nbsp;<\/p>\n<p style=\"text-align:center;\"><span style=\"color:#3366ff;\">Per alcuni, l\u2019estate significa le tanto agognate ferie,<\/span><br \/>\n<span style=\"color:#3366ff;\">da trascorrere obbligatoriamente al MARE&#8230; <\/span><br \/>\n<span style=\"color:#3366ff;\">Per altri, \u00e8 il tempo di andare rigorosamente<\/span><br \/>\n<span style=\"color:#3366ff;\">solo in MONTAGNA!<\/span><\/p>\n<p style=\"text-align:center;\"><span style=\"color:#3366ff;\">Ci si aspetta sempre che l\u2019estate porti anche il bel tempo,<\/span><br \/>\n<span style=\"color:#3366ff;\">per\u00f2 ormai sappiamo bene che spesso non \u00e8 pi\u00f9 cos\u00ec \u2026 <\/span><\/p>\n<p style=\"text-align:center;\"><span style=\"color:#3366ff;\">Dall\u2019estate, direttamente o indirettamente<\/span><br \/>\n<span style=\"color:#3366ff;\">e come da tutte le altre cose della Vita,<\/span><br \/>\n<span style=\"color:#3366ff;\">i Poeti traggono ISPIRAZIONE.<\/span><\/p>\n<p>&nbsp;<\/p>\n<p style=\"text-align:center;\"><span style=\"color:#3366ff;\"> <strong>*<\/strong> <\/span><\/p>\n<p>&nbsp;<\/p>\n<p style=\"text-align:center;\"><span style=\"color:#3366ff;\"><strong>Durante la serata, il nostro pubblico potr\u00e0 anche ammirare<br \/>\nalcune opere dello scultore feltrino Mauro Ricci!<\/strong><\/span><\/p>\n\n\t\t<style type=\"text\/css\">\n\t\t\t#gallery-1 {\n\t\t\t\tmargin: auto;\n\t\t\t}\n\t\t\t#gallery-1 .gallery-item {\n\t\t\t\tfloat: left;\n\t\t\t\tmargin-top: 10px;\n\t\t\t\ttext-align: center;\n\t\t\t\twidth: 33%;\n\t\t\t}\n\t\t\t#gallery-1 img {\n\t\t\t\tborder: 2px solid #cfcfcf;\n\t\t\t}\n\t\t\t#gallery-1 .gallery-caption {\n\t\t\t\tmargin-left: 0;\n\t\t\t}\n\t\t\t\/* see gallery_shortcode() in wp-includes\/media.php *\/\n\t\t<\/style>\n\t\t<div id='gallery-1' class='gallery galleryid-4474 gallery-columns-3 gallery-size-thumbnail'><dl class='gallery-item'>\n\t\t\t<dt class='gallery-icon landscape'>\n\t\t\t\t<a href='https:\/\/www.poetamatusel.org\/?attachment_id=4485'><img loading=\"lazy\" decoding=\"async\" width=\"150\" height=\"150\" src=\"https:\/\/www.poetamatusel.org\/wp-content\/uploads\/2014\/08\/0031bis-150x150.jpg\" class=\"attachment-thumbnail size-thumbnail\" alt=\"\" \/><\/a>\n\t\t\t<\/dt><\/dl><dl class='gallery-item'>\n\t\t\t<dt class='gallery-icon portrait'>\n\t\t\t\t<a href='https:\/\/www.poetamatusel.org\/?attachment_id=4481'><img loading=\"lazy\" decoding=\"async\" width=\"150\" height=\"150\" src=\"https:\/\/www.poetamatusel.org\/wp-content\/uploads\/2014\/08\/0013_1-150x150.jpg\" class=\"attachment-thumbnail size-thumbnail\" alt=\"\" \/><\/a>\n\t\t\t<\/dt><\/dl><dl class='gallery-item'>\n\t\t\t<dt class='gallery-icon landscape'>\n\t\t\t\t<a href='https:\/\/www.poetamatusel.org\/?attachment_id=4480'><img loading=\"lazy\" decoding=\"async\" width=\"150\" height=\"150\" src=\"https:\/\/www.poetamatusel.org\/wp-content\/uploads\/2014\/08\/0009-150x150.jpg\" class=\"attachment-thumbnail size-thumbnail\" alt=\"\" \/><\/a>\n\t\t\t<\/dt><\/dl><br style=\"clear: both\" \/><dl class='gallery-item'>\n\t\t\t<dt class='gallery-icon landscape'>\n\t\t\t\t<a href='https:\/\/www.poetamatusel.org\/?attachment_id=4484'><img loading=\"lazy\" decoding=\"async\" width=\"150\" height=\"150\" src=\"https:\/\/www.poetamatusel.org\/wp-content\/uploads\/2014\/08\/0025-150x150.jpg\" class=\"attachment-thumbnail size-thumbnail\" alt=\"\" \/><\/a>\n\t\t\t<\/dt><\/dl><dl class='gallery-item'>\n\t\t\t<dt class='gallery-icon portrait'>\n\t\t\t\t<a href='https:\/\/www.poetamatusel.org\/?attachment_id=4489'><img loading=\"lazy\" decoding=\"async\" width=\"150\" height=\"150\" src=\"https:\/\/www.poetamatusel.org\/wp-content\/uploads\/2014\/08\/mari_0018-150x150.jpg\" class=\"attachment-thumbnail size-thumbnail\" alt=\"\" \/><\/a>\n\t\t\t<\/dt><\/dl><dl class='gallery-item'>\n\t\t\t<dt class='gallery-icon landscape'>\n\t\t\t\t<a href='https:\/\/www.poetamatusel.org\/?attachment_id=4482'><img loading=\"lazy\" decoding=\"async\" width=\"150\" height=\"150\" src=\"https:\/\/www.poetamatusel.org\/wp-content\/uploads\/2014\/08\/0016-150x150.jpg\" class=\"attachment-thumbnail size-thumbnail\" alt=\"\" \/><\/a>\n\t\t\t<\/dt><\/dl><br style=\"clear: both\" \/><dl class='gallery-item'>\n\t\t\t<dt class='gallery-icon landscape'>\n\t\t\t\t<a href='https:\/\/www.poetamatusel.org\/?attachment_id=4483'><img loading=\"lazy\" decoding=\"async\" width=\"150\" height=\"150\" src=\"https:\/\/www.poetamatusel.org\/wp-content\/uploads\/2014\/08\/0018-150x150.jpg\" class=\"attachment-thumbnail size-thumbnail\" alt=\"\" \/><\/a>\n\t\t\t<\/dt><\/dl><dl class='gallery-item'>\n\t\t\t<dt class='gallery-icon portrait'>\n\t\t\t\t<a href='https:\/\/www.poetamatusel.org\/?attachment_id=4488'><img loading=\"lazy\" decoding=\"async\" width=\"150\" height=\"150\" src=\"https:\/\/www.poetamatusel.org\/wp-content\/uploads\/2014\/08\/mari_0013bis-150x150.jpg\" class=\"attachment-thumbnail size-thumbnail\" alt=\"\" \/><\/a>\n\t\t\t<\/dt><\/dl><dl class='gallery-item'>\n\t\t\t<dt class='gallery-icon portrait'>\n\t\t\t\t<a href='https:\/\/www.poetamatusel.org\/?attachment_id=4479'><img loading=\"lazy\" decoding=\"async\" width=\"150\" height=\"150\" src=\"https:\/\/www.poetamatusel.org\/wp-content\/uploads\/2014\/08\/0003-150x150.jpg\" class=\"attachment-thumbnail size-thumbnail\" alt=\"\" \/><\/a>\n\t\t\t<\/dt><\/dl><br style=\"clear: both\" \/><dl class='gallery-item'>\n\t\t\t<dt class='gallery-icon landscape'>\n\t\t\t\t<a href='https:\/\/www.poetamatusel.org\/?attachment_id=4486'><img loading=\"lazy\" decoding=\"async\" width=\"150\" height=\"150\" src=\"https:\/\/www.poetamatusel.org\/wp-content\/uploads\/2014\/08\/0041-150x150.jpg\" class=\"attachment-thumbnail size-thumbnail\" alt=\"\" \/><\/a>\n\t\t\t<\/dt><\/dl><dl class='gallery-item'>\n\t\t\t<dt class='gallery-icon landscape'>\n\t\t\t\t<a href='https:\/\/www.poetamatusel.org\/?attachment_id=4478'><img loading=\"lazy\" decoding=\"async\" width=\"150\" height=\"150\" src=\"https:\/\/www.poetamatusel.org\/wp-content\/uploads\/2014\/08\/0001-150x150.jpg\" class=\"attachment-thumbnail size-thumbnail\" alt=\"\" \/><\/a>\n\t\t\t<\/dt><\/dl><dl class='gallery-item'>\n\t\t\t<dt class='gallery-icon portrait'>\n\t\t\t\t<a href='https:\/\/www.poetamatusel.org\/?attachment_id=4490'><img loading=\"lazy\" decoding=\"async\" width=\"150\" height=\"150\" src=\"https:\/\/www.poetamatusel.org\/wp-content\/uploads\/2014\/08\/mari_0021-150x150.jpg\" class=\"attachment-thumbnail size-thumbnail\" alt=\"\" \/><\/a>\n\t\t\t<\/dt><\/dl><br style=\"clear: both\" \/><dl class='gallery-item'>\n\t\t\t<dt class='gallery-icon landscape'>\n\t\t\t\t<a href='https:\/\/www.poetamatusel.org\/?attachment_id=4487'><img loading=\"lazy\" decoding=\"async\" width=\"150\" height=\"150\" src=\"https:\/\/www.poetamatusel.org\/wp-content\/uploads\/2014\/08\/d2x_6106-150x150.jpg\" class=\"attachment-thumbnail size-thumbnail\" alt=\"\" \/><\/a>\n\t\t\t<\/dt><\/dl>\n\t\t\t<br style='clear: both' \/>\n\t\t<\/div>\n\n<p style=\"text-align:center;\"><span style=\"color:#3366ff;\">(Sposta il cursore del mouse sull&#8217;immagine, per controllarne la visualizzazione.)<\/span><\/p>\n<p>&nbsp;<\/p>\n<p style=\"text-align:center;\"><span style=\"color:#3366ff;\"><a style=\"color:#3366ff;\" href=\"https:\/\/www.poetamatusel.org\/wp-content\/uploads\/2013\/10\/facebook-logo-very-small.jpg\"><img loading=\"lazy\" decoding=\"async\" class=\"aligncenter size-full wp-image-3813\" src=\"https:\/\/www.poetamatusel.org\/wp-content\/uploads\/2013\/10\/facebook-logo-very-small.jpg\" alt=\"FACEBOOK-logo-very-small\" width=\"54\" height=\"53\" \/><br \/>\n<\/a>Trovaci anche su facebook!<\/span><\/p>\n<p style=\"text-align:center;\"><span style=\"color:#3366ff;\"><a style=\"color:#3366ff;\" title=\"POETI AlterNATIVI BELLUNesi\" href=\"https:\/\/www.facebook.com\/groups\/poetialternativibellunesi\/?fref=ts\" target=\"_blank\">https:\/\/www.facebook.com\/groups\/poetialternativibellunesi\/?fref=ts<\/a><\/span><\/p>\n<p style=\"text-align:center;\">\n<p style=\"text-align:center;\">\n<p style=\"text-align:center;\">\n<p>&nbsp;<br \/>\n&nbsp;<br \/>\n&nbsp;<\/p>\n<p style=\"text-align:center;\"> . <\/p>\n","protected":false},"excerpt":{"rendered":"<p>&nbsp; &nbsp; E LA CHIAMANO &#8230; ESTATE! (In poetica attesa di un&#8217;estate latitante) @ Caff\u00e8 Commercio Largo Castaldi Feltre (BL) mercoled\u00ec 20 agosto ore 21:00 &nbsp; &nbsp; Per alcuni, l\u2019estate significa le tanto agognate ferie, da trascorrere obbligatoriamente al MARE&#8230; Per altri, \u00e8 il tempo di andare rigorosamente solo in MONTAGNA! Ci si aspetta sempre [&hellip;]<\/p>\n","protected":false},"author":1,"featured_media":0,"comment_status":"open","ping_status":"open","sticky":false,"template":"","format":"standard","meta":{"footnotes":""},"categories":[6],"tags":[],"class_list":["post-4474","post","type-post","status-publish","format-standard","hentry","category-poetry-poesia"],"_links":{"self":[{"href":"https:\/\/www.poetamatusel.org\/index.php?rest_route=\/wp\/v2\/posts\/4474","targetHints":{"allow":["GET"]}}],"collection":[{"href":"https:\/\/www.poetamatusel.org\/index.php?rest_route=\/wp\/v2\/posts"}],"about":[{"href":"https:\/\/www.poetamatusel.org\/index.php?rest_route=\/wp\/v2\/types\/post"}],"author":[{"embeddable":true,"href":"https:\/\/www.poetamatusel.org\/index.php?rest_route=\/wp\/v2\/users\/1"}],"replies":[{"embeddable":true,"href":"https:\/\/www.poetamatusel.org\/index.php?rest_route=%2Fwp%2Fv2%2Fcomments&post=4474"}],"version-history":[{"count":0,"href":"https:\/\/www.poetamatusel.org\/index.php?rest_route=\/wp\/v2\/posts\/4474\/revisions"}],"wp:attachment":[{"href":"https:\/\/www.poetamatusel.org\/index.php?rest_route=%2Fwp%2Fv2%2Fmedia&parent=4474"}],"wp:term":[{"taxonomy":"category","embeddable":true,"href":"https:\/\/www.poetamatusel.org\/index.php?rest_route=%2Fwp%2Fv2%2Fcategories&post=4474"},{"taxonomy":"post_tag","embeddable":true,"href":"https:\/\/www.poetamatusel.org\/index.php?rest_route=%2Fwp%2Fv2%2Ftags&post=4474"}],"curies":[{"name":"wp","href":"https:\/\/api.w.org\/{rel}","templated":true}]}}