{"id":4434,"date":"2014-08-03T20:14:39","date_gmt":"2014-08-03T18:14:39","guid":{"rendered":"http:\/\/poetamatusel.com\/?p=4434"},"modified":"2014-08-03T20:14:39","modified_gmt":"2014-08-03T18:14:39","slug":"tra-pensiero-e-forma-reciproche-congiunzioni","status":"publish","type":"post","link":"https:\/\/www.poetamatusel.org\/?p=4434","title":{"rendered":"TRA PENSIERO E FORMA &#8211; Reciproche congiunzioni"},"content":{"rendered":"<p>&nbsp;<\/p>\n<table width=\"999\" border=\"0\" cellpadding=\"2\" cellspacing=\"0\">\n<tbody>\n<p><a href=\"https:\/\/www.poetamatusel.org\/wp-content\/uploads\/2014\/08\/congiunzioni.jpg\"><img loading=\"lazy\" decoding=\"async\" class=\"size-large wp-image-4435 aligncenter\" src=\"https:\/\/www.poetamatusel.org\/wp-content\/uploads\/2014\/08\/congiunzioni.jpg?w=640\" alt=\"CONGIUNZIONI\" width=\"640\" height=\"320\" srcset=\"https:\/\/www.poetamatusel.org\/wp-content\/uploads\/2014\/08\/congiunzioni.jpg 888w, https:\/\/www.poetamatusel.org\/wp-content\/uploads\/2014\/08\/congiunzioni-300x150.jpg 300w, https:\/\/www.poetamatusel.org\/wp-content\/uploads\/2014\/08\/congiunzioni-768x384.jpg 768w\" sizes=\"auto, (max-width: 640px) 100vw, 640px\" \/><\/a><\/p>\n<tr>\n<td valign=\"top\" width=\"999\"><\/td>\n<\/tr>\n<\/tbody>\n<\/table>\n<p>&nbsp;<\/p>\n<p style=\"text-align:center;\"><strong><em>Quando l\u2019Arte incontra l\u2019Arte incontra l\u2019Arte\u2026 <\/em><\/strong><\/p>\n<p>&nbsp;<\/p>\n<p style=\"text-align:center;\"><strong>Dopo il felice connubio delle opere dei due artisti<br \/>\n\u2013 Paolo Moro, scultore, e Michelangelo Zanin, pittore \u2013<br \/>\ngioved\u00ec sera si unir\u00e0 a loro anche<br \/>\nuna terza Arte: la Poesia.<\/strong><\/p>\n<p>&nbsp;<\/p>\n<p style=\"text-align:center;\"><strong>Ma la Poesia \u00e8 davvero un\u2019Arte?<br \/>\nPochi sembrano pensarla affermativamente,<br \/>\nin questo senso.<\/strong><\/p>\n<p>&nbsp;<\/p>\n<p><a href=\"https:\/\/www.poetamatusel.org\/wp-content\/uploads\/2013\/05\/poeti-alternativi-logo-1.jpg\"><img loading=\"lazy\" decoding=\"async\" class=\"aligncenter size-full wp-image-3574\" src=\"https:\/\/www.poetamatusel.org\/wp-content\/uploads\/2013\/05\/poeti-alternativi-logo-1.jpg\" alt=\"POETI-ALTERNATIVI-logo\" width=\"200\" height=\"240\" \/><\/a><\/p>\n<p style=\"text-align:center;\"><strong>I POETI AlterNATIVI BELLUNesi<br \/>\nfaranno un modesto tentativo<br \/>\ndi dimostrare che<br \/>\n\u00e8 proprio cos\u00ec! <\/strong><\/p>\n<p>&nbsp;<\/p>\n<p style=\"text-align:center;\"><strong>Al Cubo di Botta,<br \/>\nuna botta di\u2026 cubo!! \u00a0 ;-O<\/strong><\/p>\n<p>&nbsp;<\/p>\n<p>&nbsp;<\/p>\n<p>&nbsp;<\/p>\n<p>&nbsp;<\/p>\n<p>&nbsp;<\/p>\n<p style=\"text-align:center;\">.<\/p>\n","protected":false},"excerpt":{"rendered":"<p>&nbsp; &nbsp; Quando l\u2019Arte incontra l\u2019Arte incontra l\u2019Arte\u2026 &nbsp; Dopo il felice connubio delle opere dei due artisti \u2013 Paolo Moro, scultore, e Michelangelo Zanin, pittore \u2013 gioved\u00ec sera si unir\u00e0 a loro anche una terza Arte: la Poesia. &nbsp; Ma la Poesia \u00e8 davvero un\u2019Arte? Pochi sembrano pensarla affermativamente, in questo senso. &nbsp; I [&hellip;]<\/p>\n","protected":false},"author":1,"featured_media":0,"comment_status":"open","ping_status":"open","sticky":false,"template":"","format":"standard","meta":{"footnotes":""},"categories":[3,6],"tags":[321,714,1700,1754,1831,2048,2064,2218,2223,2271,2649],"class_list":["post-4434","post","type-post","status-publish","format-standard","hentry","category-eventi","category-poetry-poesia","tag-belluno","tag-cubo-di-botta","tag-mario-botta","tag-michelangelo-zanin","tag-mostre","tag-palazzo-crepadona","tag-paolo-moro","tag-pittura","tag-poesia","tag-poeti-alternativi-bellunesi","tag-scultura"],"_links":{"self":[{"href":"https:\/\/www.poetamatusel.org\/index.php?rest_route=\/wp\/v2\/posts\/4434","targetHints":{"allow":["GET"]}}],"collection":[{"href":"https:\/\/www.poetamatusel.org\/index.php?rest_route=\/wp\/v2\/posts"}],"about":[{"href":"https:\/\/www.poetamatusel.org\/index.php?rest_route=\/wp\/v2\/types\/post"}],"author":[{"embeddable":true,"href":"https:\/\/www.poetamatusel.org\/index.php?rest_route=\/wp\/v2\/users\/1"}],"replies":[{"embeddable":true,"href":"https:\/\/www.poetamatusel.org\/index.php?rest_route=%2Fwp%2Fv2%2Fcomments&post=4434"}],"version-history":[{"count":0,"href":"https:\/\/www.poetamatusel.org\/index.php?rest_route=\/wp\/v2\/posts\/4434\/revisions"}],"wp:attachment":[{"href":"https:\/\/www.poetamatusel.org\/index.php?rest_route=%2Fwp%2Fv2%2Fmedia&parent=4434"}],"wp:term":[{"taxonomy":"category","embeddable":true,"href":"https:\/\/www.poetamatusel.org\/index.php?rest_route=%2Fwp%2Fv2%2Fcategories&post=4434"},{"taxonomy":"post_tag","embeddable":true,"href":"https:\/\/www.poetamatusel.org\/index.php?rest_route=%2Fwp%2Fv2%2Ftags&post=4434"}],"curies":[{"name":"wp","href":"https:\/\/api.w.org\/{rel}","templated":true}]}}