{"id":4150,"date":"2014-03-22T00:09:21","date_gmt":"2014-03-21T23:09:21","guid":{"rendered":"http:\/\/poetamatusel.com\/?p=4150"},"modified":"2014-03-22T00:09:21","modified_gmt":"2014-03-21T23:09:21","slug":"visionario-di-vino","status":"publish","type":"post","link":"https:\/\/www.poetamatusel.org\/?p=4150","title":{"rendered":"VISIONARIO DI&#8230; VINO?"},"content":{"rendered":"<p>&nbsp;<\/p>\n<table width=\"999\" border=\"0\" cellpadding=\"2\" cellspacing=\"0\">\n<tbody>\n<a href=\"https:\/\/www.poetamatusel.org\/wp-content\/uploads\/2011\/01\/cielo-stellato-dal-m-rite-foto-giorgio-villa.jpg\"><img loading=\"lazy\" decoding=\"async\" src=\"https:\/\/www.poetamatusel.org\/wp-content\/uploads\/2011\/01\/cielo-stellato-dal-m-rite-foto-giorgio-villa.jpg?w=640\" title=\"Cielo stellato dal Monte Rite, Cadore, agosto 2004 - Foto Giorgio Villa\" width=\"640\" height=\"480\" class=\"alignleft size-large wp-image-1000\" srcset=\"https:\/\/www.poetamatusel.org\/wp-content\/uploads\/2011\/01\/cielo-stellato-dal-m-rite-foto-giorgio-villa.jpg 1024w, https:\/\/www.poetamatusel.org\/wp-content\/uploads\/2011\/01\/cielo-stellato-dal-m-rite-foto-giorgio-villa-300x225.jpg 300w, https:\/\/www.poetamatusel.org\/wp-content\/uploads\/2011\/01\/cielo-stellato-dal-m-rite-foto-giorgio-villa-768x576.jpg 768w\" sizes=\"auto, (max-width: 640px) 100vw, 640px\" \/><\/a><\/p>\n<tr>\n<td valign=\"top\" width=\"999\"><\/td>\n<\/tr>\n<\/tbody>\n<\/table>\n<p>&nbsp;<\/p>\n<p style=\"padding-left:40px;\">Dopo una notte di pioggia,<br \/>\ncanovaccio di tremule stelle.<br \/>\nInfatti, non dura la pioggia,<br \/>\nle stelle qualcosa di pi\u00f9 \u2026  <\/p>\n<p style=\"padding-left:40px;\">Dicono \u00e8 nato il sovrano<br \/>\nbambino, alleluia alleluia!<br \/>\n\u00c8 ancora pi\u00f9 buia di prima<br \/>\nla notte che gi\u00e0 fu si buia. <\/p>\n<p style=\"padding-left:40px;\">Di di\u2026 vino io vedo soltanto<br \/>\ntristissime, vuote bottiglie.<br \/>\nChe sfiga, magari mi sono<br \/>\normai perso anche questa<br \/>\nbeata ma fredda cometa! <\/p>\n<p>&nbsp;<\/p>\n<p style=\"padding-top:20px;\">\n<table width=\"999\" border=\"0\" cellpadding=\"2\" cellspacing=\"0\">\n<tbody>\n<a href=\"https:\/\/www.poetamatusel.org\/wp-content\/uploads\/2012\/11\/bottiglia-e-bicchiere-foto-e-grafica-guido-comin.jpg\"><img loading=\"lazy\" decoding=\"async\" src=\"https:\/\/www.poetamatusel.org\/wp-content\/uploads\/2012\/11\/bottiglia-e-bicchiere-foto-e-grafica-guido-comin.jpg?w=640\" title=\"Bottiglia e bicchiere - Foto e grafica Guido Comin PoetaMatus\u00e8l\" width=\"640\" height=\"650\" class=\"alignleft size-large wp-image-3145\" \/><\/a><\/p>\n<tr>\n<td valign=\"top\" width=\"999\"><\/td>\n<\/tr>\n<\/tbody>\n<\/table>\n<p>&nbsp;<\/p>\n<p style=\"padding-top:150px;\">\n<p><span style=\"font-family:'Arial Narrow Special G1';font-size:x-small;\">Copyright \u00a9 2014 Guido Comin PoetaMatus\u00e8l &#8211;  Belluno, Italy. All rights reserved.<\/span><\/p>\n<p>&nbsp;<\/p>\n<p>&nbsp;<\/p>\n<p>&nbsp;<\/p>\n<p>.<\/p>\n","protected":false},"excerpt":{"rendered":"<p>&nbsp; &nbsp; Dopo una notte di pioggia, canovaccio di tremule stelle. Infatti, non dura la pioggia, le stelle qualcosa di pi\u00f9 \u2026 Dicono \u00e8 nato il sovrano bambino, alleluia alleluia! \u00c8 ancora pi\u00f9 buia di prima la notte che gi\u00e0 fu si buia. Di di\u2026 vino io vedo soltanto tristissime, vuote bottiglie. Che sfiga, magari [&hellip;]<\/p>\n","protected":false},"author":1,"featured_media":0,"comment_status":"open","ping_status":"open","sticky":false,"template":"","format":"standard","meta":{"footnotes":""},"categories":[13,6],"tags":[324,755,831,955,1401,1874,1928,2606,2809,3005,3006,3130],"class_list":["post-4150","post","type-post","status-publish","format-standard","hentry","category-poesia-italiana","category-poetry-poesia","tag-beoni","tag-delirio","tag-divino","tag-etilismo","tag-inconsapevolezza","tag-natale","tag-notte-buia","tag-sbronza","tag-stella-cometa","tag-ubriachezza","tag-ubriaco","tag-vino"],"_links":{"self":[{"href":"https:\/\/www.poetamatusel.org\/index.php?rest_route=\/wp\/v2\/posts\/4150","targetHints":{"allow":["GET"]}}],"collection":[{"href":"https:\/\/www.poetamatusel.org\/index.php?rest_route=\/wp\/v2\/posts"}],"about":[{"href":"https:\/\/www.poetamatusel.org\/index.php?rest_route=\/wp\/v2\/types\/post"}],"author":[{"embeddable":true,"href":"https:\/\/www.poetamatusel.org\/index.php?rest_route=\/wp\/v2\/users\/1"}],"replies":[{"embeddable":true,"href":"https:\/\/www.poetamatusel.org\/index.php?rest_route=%2Fwp%2Fv2%2Fcomments&post=4150"}],"version-history":[{"count":0,"href":"https:\/\/www.poetamatusel.org\/index.php?rest_route=\/wp\/v2\/posts\/4150\/revisions"}],"wp:attachment":[{"href":"https:\/\/www.poetamatusel.org\/index.php?rest_route=%2Fwp%2Fv2%2Fmedia&parent=4150"}],"wp:term":[{"taxonomy":"category","embeddable":true,"href":"https:\/\/www.poetamatusel.org\/index.php?rest_route=%2Fwp%2Fv2%2Fcategories&post=4150"},{"taxonomy":"post_tag","embeddable":true,"href":"https:\/\/www.poetamatusel.org\/index.php?rest_route=%2Fwp%2Fv2%2Ftags&post=4150"}],"curies":[{"name":"wp","href":"https:\/\/api.w.org\/{rel}","templated":true}]}}