{"id":3515,"date":"2013-04-17T12:31:55","date_gmt":"2013-04-17T10:31:55","guid":{"rendered":"http:\/\/poetamatusel.wordpress.com\/?p=3515"},"modified":"2025-08-06T13:59:08","modified_gmt":"2025-08-06T11:59:08","slug":"follia-fra-i-frutteti-trentini","status":"publish","type":"post","link":"https:\/\/www.poetamatusel.org\/?p=3515","title":{"rendered":"FOLLIA FRA I FRUTTETI TRENTINI"},"content":{"rendered":"<p>&nbsp;<\/p>\n<table width=\"999\" border=\"0\" cellpadding=\"2\" cellspacing=\"0\">\n<tbody>\n<a href=\"https:\/\/www.poetamatusel.org\/wp-content\/uploads\/2014\/04\/fiori-di-ravizzone-a-marzo-foto-guido-comin-poetamatusel.jpg\"><img loading=\"lazy\" decoding=\"async\" src=\"https:\/\/www.poetamatusel.org\/wp-content\/uploads\/2014\/04\/fiori-di-ravizzone-a-marzo-foto-guido-comin-poetamatusel.jpg?w=640\" title=\"Giallissimo e assordante silenzio - Foto Guido Comin PoetaMatus\u00e8l\" width=\"640\" height=\"421\" class=\"alignleft size-large wp-image-4168\" srcset=\"https:\/\/www.poetamatusel.org\/wp-content\/uploads\/2014\/04\/fiori-di-ravizzone-a-marzo-foto-guido-comin-poetamatusel.jpg 4602w, https:\/\/www.poetamatusel.org\/wp-content\/uploads\/2014\/04\/fiori-di-ravizzone-a-marzo-foto-guido-comin-poetamatusel-300x198.jpg 300w, https:\/\/www.poetamatusel.org\/wp-content\/uploads\/2014\/04\/fiori-di-ravizzone-a-marzo-foto-guido-comin-poetamatusel-768x506.jpg 768w, https:\/\/www.poetamatusel.org\/wp-content\/uploads\/2014\/04\/fiori-di-ravizzone-a-marzo-foto-guido-comin-poetamatusel-1024x674.jpg 1024w\" sizes=\"auto, (max-width: 640px) 100vw, 640px\" \/><\/a><\/p>\n<tr>\n<td valign=\"top\" width=\"999\"><\/td>\n<\/tr>\n<\/tbody>\n<\/table>\n<p>&nbsp;<\/p>\n<p style=\"padding-left:20px;\"><em>&#8220;d\u00e0ime la man, put\u00e8la,  comp\u00e0gna \u2018l m\u00e8 sint\u00e9r<br \/>\ngh\u2019\u00e8 i zir\u00e9si \u2018n pel pu p\u00e0lidi, i se str\u00f9ssia armelin\u00e0ri<br \/>\ne tut i fiori \u2018ntorn i \u2018nd\u00f2ra \u2018l bosch che sb\u00f2gia &#8230;&#8221;<\/em> &nbsp; <strong>*<\/strong><br \/>\nDiaolin Giuliano Natali<\/p>\n<p>&nbsp;<\/p>\n<p style=\"padding-left:0px;\">Ti ho cercata in mezzo ad immensi campi di ravizzone,<br \/>\nma ho trovato solo un giallissimo e assordante silenzio.<br \/>\nTutto \u00e8 silenzio da tempo, sentenziava gi\u00e0 l\u2019amico Amleto.<br \/>\nNuvole solo imbastite, che ricuciono guizzi di rondini;<br \/>\npensieri neri di disoccupazione, falliti che si impiccano;<br \/>\ngoverni non fattibili, panico, allarme per cassa integrazione.<br \/>\nPoesie trentine svegliano alcune coscienze semi-assopite,<br \/>\nma gli Italioti intanto gustano lunghi torpori demelliani,<br \/>\nperfetti per assaporare sino all\u2019ultimo istante un aprile.<br \/>\nAlla deriva ormai la barca, mi \u00e8 scivolata dalla mia fredda<br \/>\nmano la mano diafana che mi porgevi, ma io non capivo.<br \/>\nAvrei dovuto essere pi\u00f9 intelligente e pi\u00f9 umile, forse,<br \/>\nmagari avrei potuto affidarla, quella tua tenue manina,<br \/>\nalla carezza di quei ciliegi, un pelo pi\u00f9 pallidi, di Giuliano &#8230; <\/p>\n<p>&nbsp;<\/p>\n<table width=\"999\" border=\"0\" cellpadding=\"2\" cellspacing=\"0\">\n<tbody>\n<p><a href=\"https:\/\/www.poetamatusel.org\/wp-content\/uploads\/2016\/04\/dscn8677.jpg\" rel=\"attachment wp-att-5346\"><img loading=\"lazy\" decoding=\"async\" src=\"https:\/\/www.poetamatusel.org\/wp-content\/uploads\/2016\/04\/dscn8677.jpg?w=640\" title=\"Scoppia il bianco di aprile - Foto Guido Comin PoetaMatus\u00e8l \" width=\"640\" height=\"426\" class=\"alignleft size-large wp-image-5346\" \/><\/a><\/p>\n<tr>\n<td valign=\"top\" width=\"999\"><\/td>\n<\/tr>\n<\/tbody>\n<\/table>\n<p>&nbsp;<\/p>\n<p><a href=\"https:\/\/www.poetamatusel.org\/wp-content\/uploads\/2012\/10\/icon-for-audio-files.jpg\" rel=\"attachment wp-att-2897\"><img loading=\"lazy\" decoding=\"async\" src=\"https:\/\/www.poetamatusel.org\/wp-content\/uploads\/2012\/10\/icon-for-audio-files.jpg\" alt=\"AUDIO * FILE * AUDIO\" width=\"35\" height=\"35\" class=\"alignleft wp-image-2897\" \/><\/a><b>PoetaMatus\u00e8l legge:<br \/>\nFOLLIA FRA I FRUTTETI TRENTINI <\/b><\/p>\n<audio class=\"wp-audio-shortcode\" id=\"audio-3515-1\" preload=\"none\" style=\"width: 100%;\" controls=\"controls\"><source type=\"audio\/mpeg\" src=\"https:\/\/www.poetamatusel.org\/wp-content\/uploads\/2013\/04\/follia-fra-i-frutteti-trentini.mp3?_=1\" \/><a href=\"https:\/\/www.poetamatusel.org\/wp-content\/uploads\/2013\/04\/follia-fra-i-frutteti-trentini.mp3\">https:\/\/www.poetamatusel.org\/wp-content\/uploads\/2013\/04\/follia-fra-i-frutteti-trentini.mp3<\/a><\/audio>\n<p>&nbsp;<\/p>\n<p>(* dammi la mano, ragazza, accompagna<br \/>\nil mio sentiero, ci sono i ciliegi<br \/>\npallidi che si strusciano agli albicocchi<br \/>\ne tutti i fiori attorno colorano<br \/>\nil bosco che si risveglia &#8230;)<\/p>\n<p>&nbsp;<\/p>\n<p><a href=\"https:\/\/www.poetamatusel.org\/wp-content\/uploads\/2012\/11\/link-symbol-for-blog.jpg\"><img loading=\"lazy\" decoding=\"async\" src=\"https:\/\/www.poetamatusel.org\/wp-content\/uploads\/2012\/11\/link-symbol-for-blog.jpg\" alt=\"\" title=\"* LINK *\" width=\"35\" height=\"35\" class=\"alignleft wp-image-2959\" \/> <\/a><a href=\"http:\/\/www.diaolin.com\/wordpress\/?p=4419\" title=\"Il blog di Diaolin\" target=\"_blank\"><strong>Clicca qui, per leggere ed ascoltare la splendida poesia<br \/>\ndell&#8217;amico &#8216;Diaolin&#8217;, alias Giuliano Natali!<\/strong><\/a> <\/p>\n<p>&nbsp;<\/p>\n<p style=\"padding-top:100px;\">\n<p><span style=\"font-family:'Arial Narrow Special G1';font-size:small;\">Da &#8220;I Versi dell&#8217;Airone&#8221;, di Guido Comin PoetaMatus\u00e8l<br \/>\n\u00a9 2014 Albalibri Editore &#8211; All rights reserved<\/span><\/p>\n<p>&nbsp;<\/p>\n<p>&nbsp;<\/p>\n<p>&nbsp;<\/p>\n<p>.<\/p>\n","protected":false},"excerpt":{"rendered":"<p>&nbsp; &nbsp; &#8220;d\u00e0ime la man, put\u00e8la, comp\u00e0gna \u2018l m\u00e8 sint\u00e9r gh\u2019\u00e8 i zir\u00e9si \u2018n pel pu p\u00e0lidi, i se str\u00f9ssia armelin\u00e0ri e tut i fiori \u2018ntorn i \u2018nd\u00f2ra \u2018l bosch che sb\u00f2gia &#8230;&#8221; &nbsp; * Diaolin Giuliano Natali &nbsp; Ti ho cercata in mezzo ad immensi campi di ravizzone, ma ho trovato solo un giallissimo [&hellip;]<\/p>\n","protected":false},"author":1,"featured_media":0,"comment_status":"open","ping_status":"open","sticky":false,"template":"","format":"standard","meta":{"footnotes":""},"categories":[13,6],"tags":[92,120,124,163,184,223,229,291,421,493,567,568,569,694,758,759,763,783,786,811,933,991,992,1099,1134,1148,1149,1194,1211,1212,1273,1309,1363,1375,1400,1476,1681,1958,1986,1987,2060,2130,2144,2230,2251,2260,2344,2434,2484,2541,2705,2779,2844,2911,2944,3023],"class_list":["post-3515","post","type-post","status-publish","format-standard","hentry","category-poesia-italiana","category-poetry-poesia","tag-allarme","tag-amleto","tag-amore","tag-anthony-de-mello","tag-aprile","tag-assaporare","tag-assordante-silenzio","tag-barca","tag-campi","tag-cassa-integrazione","tag-ciliegi","tag-ciliegie","tag-ciliegio","tag-coscienze-semi-assopite","tag-demelliani","tag-demelliano","tag-deriva","tag-dialetto-di-sover","tag-diaolin-giuliano-natali","tag-disoccupazione","tag-errore","tag-fallimento","tag-falliti","tag-follia","tag-fredda-mano","tag-frutteti","tag-frutteto","tag-gelida-manina","tag-giallissimo","tag-giallo","tag-governo-assente","tag-guizzi-di-rondini","tag-imbastire","tag-impiccato","tag-incomprensione","tag-italioti","tag-mano-diafana","tag-nuvole","tag-olio-di-colza","tag-olio-di-ravizzone","tag-panico","tag-pazzia","tag-pensieri-neri","tag-poesia-damore","tag-poesia-lirica","tag-poesie-trentine","tag-primavera","tag-ravizzone","tag-ricucire","tag-rondoni","tag-shakespeare","tag-speranza","tag-suicidio","tag-tenue-manina","tag-torpore","tag-umilta"],"_links":{"self":[{"href":"https:\/\/www.poetamatusel.org\/index.php?rest_route=\/wp\/v2\/posts\/3515","targetHints":{"allow":["GET"]}}],"collection":[{"href":"https:\/\/www.poetamatusel.org\/index.php?rest_route=\/wp\/v2\/posts"}],"about":[{"href":"https:\/\/www.poetamatusel.org\/index.php?rest_route=\/wp\/v2\/types\/post"}],"author":[{"embeddable":true,"href":"https:\/\/www.poetamatusel.org\/index.php?rest_route=\/wp\/v2\/users\/1"}],"replies":[{"embeddable":true,"href":"https:\/\/www.poetamatusel.org\/index.php?rest_route=%2Fwp%2Fv2%2Fcomments&post=3515"}],"version-history":[{"count":6,"href":"https:\/\/www.poetamatusel.org\/index.php?rest_route=\/wp\/v2\/posts\/3515\/revisions"}],"predecessor-version":[{"id":7960,"href":"https:\/\/www.poetamatusel.org\/index.php?rest_route=\/wp\/v2\/posts\/3515\/revisions\/7960"}],"wp:attachment":[{"href":"https:\/\/www.poetamatusel.org\/index.php?rest_route=%2Fwp%2Fv2%2Fmedia&parent=3515"}],"wp:term":[{"taxonomy":"category","embeddable":true,"href":"https:\/\/www.poetamatusel.org\/index.php?rest_route=%2Fwp%2Fv2%2Fcategories&post=3515"},{"taxonomy":"post_tag","embeddable":true,"href":"https:\/\/www.poetamatusel.org\/index.php?rest_route=%2Fwp%2Fv2%2Ftags&post=3515"}],"curies":[{"name":"wp","href":"https:\/\/api.w.org\/{rel}","templated":true}]}}