{"id":3508,"date":"2013-04-12T20:39:27","date_gmt":"2013-04-12T18:39:27","guid":{"rendered":"http:\/\/poetamatusel.wordpress.com\/?p=3508"},"modified":"2013-04-12T20:39:27","modified_gmt":"2013-04-12T18:39:27","slug":"parole-parole-parole","status":"publish","type":"post","link":"https:\/\/www.poetamatusel.org\/?p=3508","title":{"rendered":"PAROLE, PAROLE, PAROLE&#8230;"},"content":{"rendered":"<p>&nbsp;<\/p>\n<table width=\"999\" border=\"0\" cellpadding=\"2\" cellspacing=\"0\">\n<tbody>\n<a href=\"https:\/\/www.poetamatusel.org\/wp-content\/uploads\/2013\/04\/psychedellyc-artwork-guido-comin-1.jpg\"><img loading=\"lazy\" decoding=\"async\" src=\"https:\/\/www.poetamatusel.org\/wp-content\/uploads\/2013\/04\/psychedellyc-artwork-guido-comin-1.jpg\" alt=\"PsychedEllyC-Artwork-Guido-Comin\" width=\"640\" height=\"313\" class=\"aligncenter size-full wp-image-3509\" srcset=\"https:\/\/www.poetamatusel.org\/wp-content\/uploads\/2013\/04\/psychedellyc-artwork-guido-comin-1.jpg 799w, https:\/\/www.poetamatusel.org\/wp-content\/uploads\/2013\/04\/psychedellyc-artwork-guido-comin-1-300x147.jpg 300w, https:\/\/www.poetamatusel.org\/wp-content\/uploads\/2013\/04\/psychedellyc-artwork-guido-comin-1-768x376.jpg 768w\" sizes=\"auto, (max-width: 640px) 100vw, 640px\" \/><\/a><\/p>\n<tr>\n<td valign=\"top\" width=\"999\"><\/td>\n<\/tr>\n<\/tbody>\n<\/table>\n<p>&nbsp;<\/p>\n<p style=\"padding-left:70px;\">Parole? Non trovo parole<br \/>\nper dirti la gioia che dai!  <\/p>\n<p style=\"padding-left:70px;\">Le cerco, ma invano:<br \/>\nle stesse ritornano ormai.  <\/p>\n<p style=\"padding-left:70px;\">Inseguo parole pi\u00f9 belle,<br \/>\nparole pi\u00f9 forti, pi\u00f9 esatte;  <\/p>\n<p style=\"padding-left:70px;\">ricerco parole pi\u00f9 antiche,<br \/>\nparole, ma non sempre quelle.  <\/p>\n<p style=\"padding-left:70px;\">Io voglio parole pi\u00f9 matte,<br \/>\nparole che tu gi\u00e0 non sai&#8230;  <\/p>\n<p style=\"padding-left:70px;\">Vorrei le parole pi\u00f9 dolci,<br \/>\nper dirti la gioia che dai! <\/p>\n<p>&nbsp;<\/p>\n<p style=\"padding-top:10px;\">\n<table width=\"999\" border=\"0\" cellpadding=\"2\" cellspacing=\"0\">\n<tbody>\n<a href=\"https:\/\/www.poetamatusel.org\/wp-content\/uploads\/2013\/04\/parole-parole-parole-artwork-guido-comin.jpg\"><img loading=\"lazy\" decoding=\"async\" src=\"https:\/\/www.poetamatusel.org\/wp-content\/uploads\/2013\/04\/parole-parole-parole-artwork-guido-comin.jpg\" alt=\"Parole-parole-parole-Artwork-Guido-Comin\" width=\"600\" height=\"427\" class=\"aligncenter size-full wp-image-3510\" srcset=\"https:\/\/www.poetamatusel.org\/wp-content\/uploads\/2013\/04\/parole-parole-parole-artwork-guido-comin.jpg 600w, https:\/\/www.poetamatusel.org\/wp-content\/uploads\/2013\/04\/parole-parole-parole-artwork-guido-comin-300x214.jpg 300w\" sizes=\"auto, (max-width: 600px) 100vw, 600px\" \/><\/a><\/p>\n<tr>\n<td valign=\"top\" width=\"999\"><\/td>\n<\/tr>\n<\/tbody>\n<\/table>\n<p>&nbsp;<\/p>\n<p style=\"padding-top:100px;\">\n<p><span style=\"font-family:'Arial Narrow Special G1';font-size:x-small;\">Copyright \u00a9 2013 Guido Comin &#8211; Belluno, Italy. All rights reserved.<\/span><\/p>\n<p>&nbsp;<\/p>\n<p>&nbsp;<\/p>\n<p>&nbsp;<\/p>\n<p>.<\/p>\n","protected":false},"excerpt":{"rendered":"<p>&nbsp; &nbsp; Parole? Non trovo parole per dirti la gioia che dai! Le cerco, ma invano: le stesse ritornano ormai. Inseguo parole pi\u00f9 belle, parole pi\u00f9 forti, pi\u00f9 esatte; ricerco parole pi\u00f9 antiche, parole, ma non sempre quelle. Io voglio parole pi\u00f9 matte, parole che tu gi\u00e0 non sai&#8230; Vorrei le parole pi\u00f9 dolci, per [&hellip;]<\/p>\n","protected":false},"author":1,"featured_media":0,"comment_status":"open","ping_status":"open","sticky":false,"template":"","format":"standard","meta":{"footnotes":""},"categories":[13,6],"tags":[84,310,447,1237,1238,1768,2081,2082,2083,2084,2086,2087,2088,2089,2090,2092,2230,2251,2475],"class_list":["post-3508","post","type-post","status-publish","format-standard","hentry","category-poesia-italiana","category-poetry-poesia","tag-alberto-lupo","tag-belle-parole","tag-canzone","tag-gioia","tag-gioia-della-parola","tag-mina","tag-parola-giusta","tag-parole","tag-parole-antiche","tag-parole-banali","tag-parole-diverse","tag-parole-dolci","tag-parole-esatte","tag-parole-forti","tag-parole-matte","tag-parole-nuove","tag-poesia-damore","tag-poesia-lirica","tag-ricerca-parole"],"_links":{"self":[{"href":"https:\/\/www.poetamatusel.org\/index.php?rest_route=\/wp\/v2\/posts\/3508","targetHints":{"allow":["GET"]}}],"collection":[{"href":"https:\/\/www.poetamatusel.org\/index.php?rest_route=\/wp\/v2\/posts"}],"about":[{"href":"https:\/\/www.poetamatusel.org\/index.php?rest_route=\/wp\/v2\/types\/post"}],"author":[{"embeddable":true,"href":"https:\/\/www.poetamatusel.org\/index.php?rest_route=\/wp\/v2\/users\/1"}],"replies":[{"embeddable":true,"href":"https:\/\/www.poetamatusel.org\/index.php?rest_route=%2Fwp%2Fv2%2Fcomments&post=3508"}],"version-history":[{"count":0,"href":"https:\/\/www.poetamatusel.org\/index.php?rest_route=\/wp\/v2\/posts\/3508\/revisions"}],"wp:attachment":[{"href":"https:\/\/www.poetamatusel.org\/index.php?rest_route=%2Fwp%2Fv2%2Fmedia&parent=3508"}],"wp:term":[{"taxonomy":"category","embeddable":true,"href":"https:\/\/www.poetamatusel.org\/index.php?rest_route=%2Fwp%2Fv2%2Fcategories&post=3508"},{"taxonomy":"post_tag","embeddable":true,"href":"https:\/\/www.poetamatusel.org\/index.php?rest_route=%2Fwp%2Fv2%2Ftags&post=3508"}],"curies":[{"name":"wp","href":"https:\/\/api.w.org\/{rel}","templated":true}]}}