{"id":3480,"date":"2013-04-01T19:44:54","date_gmt":"2013-04-01T17:44:54","guid":{"rendered":"http:\/\/poetamatusel.wordpress.com\/?p=3480"},"modified":"2013-04-01T19:44:54","modified_gmt":"2013-04-01T17:44:54","slug":"la-strage-degli-innocenti","status":"publish","type":"post","link":"https:\/\/www.poetamatusel.org\/?p=3480","title":{"rendered":"LA STRAGE DEGLI INNOCENTI"},"content":{"rendered":"<p>&nbsp;<\/p>\n<table width=\"999\" border=\"0\" cellpadding=\"2\" cellspacing=\"0\">\n<tbody>\n<a href=\"https:\/\/www.poetamatusel.org\/wp-content\/uploads\/2013\/04\/salici-per-quasimodo-foto-guido-comin-2.jpg\"><img loading=\"lazy\" decoding=\"async\" src=\"https:\/\/www.poetamatusel.org\/wp-content\/uploads\/2013\/04\/salici-per-quasimodo-foto-guido-comin-2.jpg?w=640\" alt=\"Salici-per-Quasimodo-Foto-Guido-Comin\" width=\"640\" height=\"433\" class=\"aligncenter size-large wp-image-3487\" \/><\/a><\/p>\n<tr>\n<td valign=\"top\" width=\"999\"><\/td>\n<\/tr>\n<\/tbody>\n<\/table>\n<p>&nbsp;<\/p>\n<p style=\"padding-top:5px;\">\n<p style=\"padding-left:110px;\">Davanti a questa lenta,<br \/>\nsilenziosa ma inesorabile<br \/>\nepidemia, non si pu\u00f2 pi\u00f9<br \/>\nstare zitti, in silenzio!<br \/>\nIl Poeta non \u00e8 una specie<br \/>\ndi Grillo Parlante, ma deve<br \/>\nanche dire la pena pi\u00f9 atroce,<br \/>\ndannato <em>urlo nero della madre<\/em><br \/>\nche trova il figlio imprenditore<br \/>\nimpiccato in garage, fra vecchi<br \/>\nframmenti di ricordi e invisibili<br \/>\nma immani macerie di vita;<br \/>\ndondolante da un cavo d\u2019acciaio!<br \/>\nIgnobile fine, da non augurare<br \/>\nnemmeno ad un povero gatto.<br \/>\nMa questo \u2013 mi sentite? \u2013<br \/>\nera un UOMO! <\/p>\n<p>&nbsp;<\/p>\n<p style=\"padding-top:50px;\">\n<p><a href=\"https:\/\/www.poetamatusel.org\/wp-content\/uploads\/2012\/10\/icon-for-audio-files.jpg\"><img loading=\"lazy\" decoding=\"async\" src=\"https:\/\/www.poetamatusel.org\/wp-content\/uploads\/2012\/10\/icon-for-audio-files.jpg\" alt=\"\" title=\"AUDIO * FILE * AUDIO\" width=\"35\" height=\"35\" class=\"alignleft wp-image-2897\" \/><\/a> &nbsp; &nbsp;<a href=\"https:\/\/www.poetamatusel.org\/wp-content\/uploads\/2013\/04\/la-strage-degli-innocenti-2.mp3\"><b>PoetaMatus\u00e8l legge: &nbsp; LA STRAGE DEGLI INNOCENTI<\/b><\/a> <\/p>\n<p>&nbsp;<\/p>\n<p style=\"padding-top:100px;\">\n<p><span style=\"font-family:'Arial Narrow Special G1';font-size:x-small;\">Copyright \u00a9 2013 Guido Comin &#8211; Belluno, Italy. All rights reserved.<\/span><\/p>\n<p>&nbsp;<\/p>\n<p>&nbsp;<\/p>\n<p>&nbsp;<\/p>\n<p>.<\/p>\n","protected":false},"excerpt":{"rendered":"<p>&nbsp; &nbsp; Davanti a questa lenta, silenziosa ma inesorabile epidemia, non si pu\u00f2 pi\u00f9 stare zitti, in silenzio! Il Poeta non \u00e8 una specie di Grillo Parlante, ma deve anche dire la pena pi\u00f9 atroce, dannato urlo nero della madre che trova il figlio imprenditore impiccato in garage, fra vecchi frammenti di ricordi e invisibili [&hellip;]<\/p>\n","protected":false},"author":2,"featured_media":0,"comment_status":"open","ping_status":"open","sticky":false,"template":"","format":"standard","meta":{"footnotes":""},"categories":[13,6],"tags":[94,279,709,710,991,1374,1375,1381,1504,1816,2585,2821,2844,2961],"class_list":["post-3480","post","type-post","status-publish","format-standard","hentry","category-poesia-italiana","category-poetry-poesia","tag-alle-fronde-dei-salici","tag-bancarotta","tag-crisi-economica","tag-crisi-sociale","tag-fallimento","tag-impiccagione","tag-impiccato","tag-imprenditori-del-nord-est","tag-lurlo-nero-della-madre","tag-morte","tag-salvatore-quasimodo","tag-strage-degli-innocenti","tag-suicidio","tag-tragedia-quotidiana"],"_links":{"self":[{"href":"https:\/\/www.poetamatusel.org\/index.php?rest_route=\/wp\/v2\/posts\/3480","targetHints":{"allow":["GET"]}}],"collection":[{"href":"https:\/\/www.poetamatusel.org\/index.php?rest_route=\/wp\/v2\/posts"}],"about":[{"href":"https:\/\/www.poetamatusel.org\/index.php?rest_route=\/wp\/v2\/types\/post"}],"author":[{"embeddable":true,"href":"https:\/\/www.poetamatusel.org\/index.php?rest_route=\/wp\/v2\/users\/2"}],"replies":[{"embeddable":true,"href":"https:\/\/www.poetamatusel.org\/index.php?rest_route=%2Fwp%2Fv2%2Fcomments&post=3480"}],"version-history":[{"count":0,"href":"https:\/\/www.poetamatusel.org\/index.php?rest_route=\/wp\/v2\/posts\/3480\/revisions"}],"wp:attachment":[{"href":"https:\/\/www.poetamatusel.org\/index.php?rest_route=%2Fwp%2Fv2%2Fmedia&parent=3480"}],"wp:term":[{"taxonomy":"category","embeddable":true,"href":"https:\/\/www.poetamatusel.org\/index.php?rest_route=%2Fwp%2Fv2%2Fcategories&post=3480"},{"taxonomy":"post_tag","embeddable":true,"href":"https:\/\/www.poetamatusel.org\/index.php?rest_route=%2Fwp%2Fv2%2Ftags&post=3480"}],"curies":[{"name":"wp","href":"https:\/\/api.w.org\/{rel}","templated":true}]}}