{"id":3299,"date":"2013-02-01T22:41:44","date_gmt":"2013-02-01T21:41:44","guid":{"rendered":"http:\/\/poetamatusel.wordpress.com\/?p=3299"},"modified":"2013-02-01T22:41:44","modified_gmt":"2013-02-01T21:41:44","slug":"great-expectations","status":"publish","type":"post","link":"https:\/\/www.poetamatusel.org\/?p=3299","title":{"rendered":"GREAT EXPECTATIONS"},"content":{"rendered":"<p>&nbsp;<\/p>\n<table width=\"999\" border=\"0\" cellpadding=\"2\" cellspacing=\"0\">\n<tbody>\n<a href=\"https:\/\/www.poetamatusel.org\/wp-content\/uploads\/2013\/02\/sereno-dopo-la-tempesta-foto-guido-comin-1.jpg\"><img loading=\"lazy\" decoding=\"async\" src=\"https:\/\/www.poetamatusel.org\/wp-content\/uploads\/2013\/02\/sereno-dopo-la-tempesta-foto-guido-comin-1.jpg?w=640\" alt=\"Sereno dopo la tempesta - Foto Guido Comin\" width=\"640\" height=\"434\" class=\"alignleft size-large wp-image-3301\" srcset=\"https:\/\/www.poetamatusel.org\/wp-content\/uploads\/2013\/02\/sereno-dopo-la-tempesta-foto-guido-comin-1.jpg 3076w, https:\/\/www.poetamatusel.org\/wp-content\/uploads\/2013\/02\/sereno-dopo-la-tempesta-foto-guido-comin-1-300x204.jpg 300w, https:\/\/www.poetamatusel.org\/wp-content\/uploads\/2013\/02\/sereno-dopo-la-tempesta-foto-guido-comin-1-768x521.jpg 768w, https:\/\/www.poetamatusel.org\/wp-content\/uploads\/2013\/02\/sereno-dopo-la-tempesta-foto-guido-comin-1-1024x695.jpg 1024w\" sizes=\"auto, (max-width: 640px) 100vw, 640px\" \/><\/a><\/p>\n<tr>\n<td valign=\"top\" width=\"999\"><\/td>\n<\/tr>\n<\/tbody>\n<\/table>\n<p>&nbsp;<\/p>\n<p style=\"padding-top:5px;\">\n<p style=\"padding-left:70px;\">Il falco mi aspetta ogni giorno<br \/>\nsui fili dell\u2019alta tensione:<br \/>\ndevo pensare che attenda<br \/>\nproprio me, perch\u00e9 credo che<br \/>\npochi altri ormai lo notino,<br \/>\ncacciatore astuto, stupendo,<br \/>\nsolitario soggetto e paziente. <\/p>\n<p>&nbsp;<\/p>\n<p style=\"padding-left:70px;\">E, dopo la neve in montagna,<br \/>\n\u00e8 schiarita, qui nella pianura,<br \/>\ne vedo \u2013 bench\u00e9 assai da lontano \u2013<br \/>\ni miei monti, che spesso (o a volte?)<br \/>\nritrovo felice e a volte il mio cuore<br \/>\ninvece decisamente maledice. <\/p>\n<p>&nbsp;<\/p>\n<p style=\"padding-left:70px;\">E navigo rotatorie tra i sassi e ormai<br \/>\nnon piove gi\u00e0 pi\u00f9, per\u00f2 stasera<br \/>\nfar\u00e0 buio, di sicuro, un po\u2019 prima.<br \/>\n\u00c8 un inverno un po\u2019 come la vita,<br \/>\nche oggi spesso promette, minaccia,<br \/>\nper\u00f2 poi lascia in attesa: ma di cosa? <\/p>\n<p>&nbsp;<\/p>\n<p style=\"padding-top:40px;\">\n<table width=\"999\" border=\"0\" cellpadding=\"2\" cellspacing=\"0\">\n<tbody>\n<a href=\"https:\/\/www.poetamatusel.org\/wp-content\/uploads\/2013\/02\/falco-sul-filo-foto-artwork-guido-comin-1.jpg\"><img loading=\"lazy\" decoding=\"async\" src=\"https:\/\/www.poetamatusel.org\/wp-content\/uploads\/2013\/02\/falco-sul-filo-foto-artwork-guido-comin-1.jpg?w=640\" alt=\"Falco sul filo - Foto &amp; artwork Guido Comin\" width=\"640\" height=\"436\" class=\"alignleft size-large wp-image-3300\" \/><\/a><\/p>\n<tr>\n<td valign=\"top\" width=\"999\"><\/td>\n<\/tr>\n<\/tbody>\n<\/table>\n<p>&nbsp;<\/p>\n<p style=\"padding-top:20px;\">\n<p><a href=\"https:\/\/www.poetamatusel.org\/wp-content\/uploads\/2012\/10\/icon-for-audio-files.jpg\"><img loading=\"lazy\" decoding=\"async\" src=\"https:\/\/www.poetamatusel.org\/wp-content\/uploads\/2012\/10\/icon-for-audio-files.jpg\" alt=\"\" title=\"AUDIO * FILE * AUDIO\" width=\"35\" height=\"35\" class=\"alignleft wp-image-2897\" \/><\/a> <a href=\"https:\/\/www.poetamatusel.org\/wp-content\/uploads\/2013\/02\/great-expectations.mp3\"> <b>PoetaMatus\u00e8l legge: &nbsp; GREAT EXPECTATIONS<\/b><\/a> <\/p>\n<p>&nbsp;<\/p>\n<p style=\"padding-top:35px;\">\n<table width=\"999\" border=\"0\" cellpadding=\"2\" cellspacing=\"0\">\n<tbody>\n<a href=\"https:\/\/www.poetamatusel.org\/wp-content\/uploads\/2013\/02\/monti-allorizzonte-foto-guido-comin.jpg\"><img loading=\"lazy\" decoding=\"async\" src=\"https:\/\/www.poetamatusel.org\/wp-content\/uploads\/2013\/02\/monti-allorizzonte-foto-guido-comin.jpg?w=640\" alt=\"Monti all&#039;orizzonte - Foto Guido Comin\" width=\"640\" height=\"489\" class=\"alignleft size-large wp-image-3303\" srcset=\"https:\/\/www.poetamatusel.org\/wp-content\/uploads\/2013\/02\/monti-allorizzonte-foto-guido-comin.jpg 1313w, https:\/\/www.poetamatusel.org\/wp-content\/uploads\/2013\/02\/monti-allorizzonte-foto-guido-comin-300x229.jpg 300w, https:\/\/www.poetamatusel.org\/wp-content\/uploads\/2013\/02\/monti-allorizzonte-foto-guido-comin-768x587.jpg 768w, https:\/\/www.poetamatusel.org\/wp-content\/uploads\/2013\/02\/monti-allorizzonte-foto-guido-comin-1024x783.jpg 1024w\" sizes=\"auto, (max-width: 640px) 100vw, 640px\" \/><\/a><\/p>\n<tr>\n<td valign=\"top\" width=\"999\"><\/td>\n<\/tr>\n<\/tbody>\n<\/table>\n<p style=\"padding-top:100px;\">\n<p><span style=\"font-family:'Arial Narrow Special G1';font-size:x-small;\">Copyright \u00a9 2013 Guido Comin \u2013 Belluno, Italy. All rights reserved.<\/span><\/p>\n<p>&nbsp;<br \/>\n&nbsp;<br \/>\n&nbsp;<\/p>\n<p>.<\/p>\n","protected":false},"excerpt":{"rendered":"<p>&nbsp; &nbsp; Il falco mi aspetta ogni giorno sui fili dell\u2019alta tensione: devo pensare che attenda proprio me, perch\u00e9 credo che pochi altri ormai lo notino, cacciatore astuto, stupendo, solitario soggetto e paziente. &nbsp; E, dopo la neve in montagna, \u00e8 schiarita, qui nella pianura, e vedo \u2013 bench\u00e9 assai da lontano \u2013 i miei [&hellip;]<\/p>\n","protected":false},"author":1,"featured_media":0,"comment_status":"open","ping_status":"open","sticky":false,"template":"","format":"standard","meta":{"footnotes":""},"categories":[13,6],"tags":[104,237,388,398,400,990,1451,1668,1769,1794,1803,1886,1897,2186,2205,2271,2361,2425,2551,2601,2623,2688,2751,3140],"class_list":["post-3299","post","type-post","status-publish","format-standard","hentry","category-poesia-italiana","category-poetry-poesia","tag-alta-tensione","tag-attesa","tag-buio","tag-caccia","tag-cacciatore","tag-falco","tag-inverno","tag-maledizione","tag-minaccia","tag-montagna","tag-monti","tag-navigazione","tag-neve","tag-pianura","tag-pioggia","tag-poeti-alternativi-bellunesi","tag-promessa","tag-rapace","tag-rotatoria","tag-sassi","tag-schiarita","tag-sereno","tag-solitudine","tag-vita"],"_links":{"self":[{"href":"https:\/\/www.poetamatusel.org\/index.php?rest_route=\/wp\/v2\/posts\/3299","targetHints":{"allow":["GET"]}}],"collection":[{"href":"https:\/\/www.poetamatusel.org\/index.php?rest_route=\/wp\/v2\/posts"}],"about":[{"href":"https:\/\/www.poetamatusel.org\/index.php?rest_route=\/wp\/v2\/types\/post"}],"author":[{"embeddable":true,"href":"https:\/\/www.poetamatusel.org\/index.php?rest_route=\/wp\/v2\/users\/1"}],"replies":[{"embeddable":true,"href":"https:\/\/www.poetamatusel.org\/index.php?rest_route=%2Fwp%2Fv2%2Fcomments&post=3299"}],"version-history":[{"count":0,"href":"https:\/\/www.poetamatusel.org\/index.php?rest_route=\/wp\/v2\/posts\/3299\/revisions"}],"wp:attachment":[{"href":"https:\/\/www.poetamatusel.org\/index.php?rest_route=%2Fwp%2Fv2%2Fmedia&parent=3299"}],"wp:term":[{"taxonomy":"category","embeddable":true,"href":"https:\/\/www.poetamatusel.org\/index.php?rest_route=%2Fwp%2Fv2%2Fcategories&post=3299"},{"taxonomy":"post_tag","embeddable":true,"href":"https:\/\/www.poetamatusel.org\/index.php?rest_route=%2Fwp%2Fv2%2Ftags&post=3299"}],"curies":[{"name":"wp","href":"https:\/\/api.w.org\/{rel}","templated":true}]}}