{"id":3209,"date":"2012-12-01T23:30:17","date_gmt":"2012-12-01T22:30:17","guid":{"rendered":"http:\/\/poetamatusel.wordpress.com\/?p=3209"},"modified":"2012-12-01T23:30:17","modified_gmt":"2012-12-01T22:30:17","slug":"incontro-nello-spazio","status":"publish","type":"post","link":"https:\/\/www.poetamatusel.org\/?p=3209","title":{"rendered":"INCONTRO NELLO SPAZIO"},"content":{"rendered":"<p><a href=\"https:\/\/www.poetamatusel.org\/wp-content\/uploads\/2012\/12\/sguardo-nel-retrovisore-foto-guido-comin.jpg\"><img loading=\"lazy\" decoding=\"async\" src=\"https:\/\/www.poetamatusel.org\/wp-content\/uploads\/2012\/12\/sguardo-nel-retrovisore-foto-guido-comin.jpg\" alt=\"Sguardo nel retrovisore - Foto Guido Comin\" width=\"640\" height=\"465\" class=\"alignleft size-full wp-image-3210\" srcset=\"https:\/\/www.poetamatusel.org\/wp-content\/uploads\/2012\/12\/sguardo-nel-retrovisore-foto-guido-comin.jpg 1081w, https:\/\/www.poetamatusel.org\/wp-content\/uploads\/2012\/12\/sguardo-nel-retrovisore-foto-guido-comin-300x218.jpg 300w, https:\/\/www.poetamatusel.org\/wp-content\/uploads\/2012\/12\/sguardo-nel-retrovisore-foto-guido-comin-768x559.jpg 768w, https:\/\/www.poetamatusel.org\/wp-content\/uploads\/2012\/12\/sguardo-nel-retrovisore-foto-guido-comin-1024x746.jpg 1024w\" sizes=\"auto, (max-width: 640px) 100vw, 640px\" \/><\/a><\/p>\n<p>&nbsp;<\/p>\n<p style=\"padding-top:30px;\">\n<p style=\"padding-left:70px;\">Ora, andiamo pure via! Mi guardi,<br \/>\nnel retrovisore, e mi sembra che tu<br \/>\nmi guardi con occhio tutt\u2019altro che<br \/>\nbenevolo. Peccato, perch\u00e9 in fondo<br \/>\nnoi non siamo stati mai amanti, non<br \/>\nsiamo stati mai n\u00e9 amici n\u00e9 nemici,<br \/>\ninsomma, dobbiamo essere sinceri:<br \/>\nfino a poco fa, non ci conoscevamo.<br \/>\nE poi sei stata tu, che, pochi metri<br \/>\naddietro, molto sbadatamente, TU<br \/>\nmi hai TAMPONATO! <\/p>\n<p>&nbsp;<\/p>\n<p style=\"padding-top:150px;\">\n<p><span style=\"font-family:'Arial Narrow Special G1';font-size:x-small;\">Copyright \u00a9 2012 Guido Comin \u2013 Belluno, Italy. All rights reserved.<\/span><\/p>\n<p>&nbsp;<br \/>\n&nbsp;<br \/>\n&nbsp;<\/p>\n<p>.<\/p>\n","protected":false},"excerpt":{"rendered":"<p>&nbsp; Ora, andiamo pure via! Mi guardi, nel retrovisore, e mi sembra che tu mi guardi con occhio tutt\u2019altro che benevolo. Peccato, perch\u00e9 in fondo noi non siamo stati mai amanti, non siamo stati mai n\u00e9 amici n\u00e9 nemici, insomma, dobbiamo essere sinceri: fino a poco fa, non ci conoscevamo. E poi sei stata tu, [&hellip;]<\/p>\n","protected":false},"author":1,"featured_media":0,"comment_status":"open","ping_status":"open","sticky":false,"template":"","format":"standard","meta":{"footnotes":""},"categories":[13,6],"tags":[602,820,858,1108,1306,1395,2465,2605,2644,2874,3176],"class_list":["post-3209","post","type-post","status-publish","format-standard","hentry","category-poesia-italiana","category-poetry-poesia","tag-collisione","tag-distrazione","tag-donne-al-volante","tag-ford-ka","tag-guidator-cortese-su-facebook","tag-incidente-stradale","tag-retrovisore","tag-sbadataggine","tag-scontro","tag-tamponamento","tag-vw-golf"],"_links":{"self":[{"href":"https:\/\/www.poetamatusel.org\/index.php?rest_route=\/wp\/v2\/posts\/3209","targetHints":{"allow":["GET"]}}],"collection":[{"href":"https:\/\/www.poetamatusel.org\/index.php?rest_route=\/wp\/v2\/posts"}],"about":[{"href":"https:\/\/www.poetamatusel.org\/index.php?rest_route=\/wp\/v2\/types\/post"}],"author":[{"embeddable":true,"href":"https:\/\/www.poetamatusel.org\/index.php?rest_route=\/wp\/v2\/users\/1"}],"replies":[{"embeddable":true,"href":"https:\/\/www.poetamatusel.org\/index.php?rest_route=%2Fwp%2Fv2%2Fcomments&post=3209"}],"version-history":[{"count":0,"href":"https:\/\/www.poetamatusel.org\/index.php?rest_route=\/wp\/v2\/posts\/3209\/revisions"}],"wp:attachment":[{"href":"https:\/\/www.poetamatusel.org\/index.php?rest_route=%2Fwp%2Fv2%2Fmedia&parent=3209"}],"wp:term":[{"taxonomy":"category","embeddable":true,"href":"https:\/\/www.poetamatusel.org\/index.php?rest_route=%2Fwp%2Fv2%2Fcategories&post=3209"},{"taxonomy":"post_tag","embeddable":true,"href":"https:\/\/www.poetamatusel.org\/index.php?rest_route=%2Fwp%2Fv2%2Ftags&post=3209"}],"curies":[{"name":"wp","href":"https:\/\/api.w.org\/{rel}","templated":true}]}}