{"id":2783,"date":"2012-10-20T12:41:29","date_gmt":"2012-10-20T10:41:29","guid":{"rendered":"http:\/\/poetamatusel.wordpress.com\/?p=2783"},"modified":"2012-10-20T12:41:29","modified_gmt":"2012-10-20T10:41:29","slug":"dalie-di-una-domenica-sera","status":"publish","type":"post","link":"https:\/\/www.poetamatusel.org\/?p=2783","title":{"rendered":"DALIE DI UNA DOMENICA SERA"},"content":{"rendered":"<p>&nbsp;<\/p>\n<table width=\"999\" border=\"0\" cellpadding=\"2\" cellspacing=\"0\">\n<tbody>\n<a href=\"https:\/\/www.poetamatusel.org\/wp-content\/uploads\/2012\/10\/dalie-una-domenica-sera-foto-guido-comin.jpg\"><img loading=\"lazy\" decoding=\"async\" src=\"https:\/\/www.poetamatusel.org\/wp-content\/uploads\/2012\/10\/dalie-una-domenica-sera-foto-guido-comin.jpg\" alt=\"\" title=\"Dalie di una domenica sera - Foto Guido Comin PoetaMatus\u00e8l\" width=\"640\" height=\"464\" class=\"alignleft size-full wp-image-2784\" srcset=\"https:\/\/www.poetamatusel.org\/wp-content\/uploads\/2012\/10\/dalie-una-domenica-sera-foto-guido-comin.jpg 2408w, https:\/\/www.poetamatusel.org\/wp-content\/uploads\/2012\/10\/dalie-una-domenica-sera-foto-guido-comin-300x218.jpg 300w, https:\/\/www.poetamatusel.org\/wp-content\/uploads\/2012\/10\/dalie-una-domenica-sera-foto-guido-comin-768x558.jpg 768w, https:\/\/www.poetamatusel.org\/wp-content\/uploads\/2012\/10\/dalie-una-domenica-sera-foto-guido-comin-1024x744.jpg 1024w\" sizes=\"auto, (max-width: 640px) 100vw, 640px\" \/><\/a><\/p>\n<tr>\n<td valign=\"top\" width=\"999\"><\/td>\n<\/tr>\n<\/tbody>\n<\/table>\n<p>&nbsp;<\/p>\n<p style=\"padding-left:100px;\"><em>A Desara, una ragazza vera<\/em><\/p>\n<p>&nbsp;<\/p>\n<p style=\"padding-left:20px;\">Desara \u00e8 un aspirare<br \/>\nad altri, lontani lidi;<br \/>\n\u00e8 un dolce dondol\u00eco<br \/>\ndi dalie in un giardino,<br \/>\ndi sera, una domenica. <\/p>\n<p style=\"padding-left:20px;\">Desara \u00e8 un desinare<br \/>\ndi dolci frutti esotici,<br \/>\ndi datteri e delizie<br \/>\ndi altre sponde e mare;<br \/>\n\u00e8 un dolce distillato<br \/>\ndi cuore buono, lacrime,<br \/>\ndi incerte decisioni.  <\/p>\n<p style=\"padding-left:20px;\">Desara \u00e8 un desiderio<br \/>\nd\u2019altri giorni, di quei d\u00ec<br \/>\nquand\u2019ero di diversi<br \/>\ndecenni ben pi\u00f9 docile \u2026<br \/>\npi\u00f9 giovane!  <\/p>\n<p>&nbsp;<\/p>\n<p>&nbsp;<\/p>\n<table width=\"999\" border=\"0\" cellpadding=\"2\" cellspacing=\"0\">\n<tbody>\n<a href=\"https:\/\/www.poetamatusel.org\/wp-content\/uploads\/2012\/10\/poetamatusel-in-danimarca-1995.jpg\"><img loading=\"lazy\" decoding=\"async\" src=\"https:\/\/www.poetamatusel.org\/wp-content\/uploads\/2012\/10\/poetamatusel-in-danimarca-1995.jpg\" alt=\"\" title=\"PoetaMatus\u00e8l in Danimarca - Correva l'anno 1995\" width=\"380\" height=\"500\" class=\"aligncenter wp-image-2750\" \/><\/a><\/p>\n<tr>\n<td valign=\"top\" width=\"999\"><\/td>\n<\/tr>\n<\/tbody>\n<\/table>\n<p>&nbsp;<\/p>\n<p><a href=\"https:\/\/www.poetamatusel.org\/wp-content\/uploads\/2012\/10\/icon-for-audio-files.jpg\"><img loading=\"lazy\" decoding=\"async\" src=\"https:\/\/www.poetamatusel.org\/wp-content\/uploads\/2012\/10\/icon-for-audio-files.jpg\" alt=\"\" title=\"AUDIO * FILE * AUDIO\" width=\"35\" height=\"35\" class=\"alignleft wp-image-2897\" \/><\/a>  <strong>PoetaMatus\u00e8l legge<br \/>\nDALIE DI UNA DOMENICA SERA<\/strong>  <\/p>\n<audio class=\"wp-audio-shortcode\" id=\"audio-2783-1\" preload=\"none\" style=\"width: 100%;\" controls=\"controls\"><source type=\"audio\/mpeg\" src=\"https:\/\/www.poetamatusel.org\/wp-content\/uploads\/2016\/04\/dalie-di-una-domenica-sera.mp3?_=1\" \/><a href=\"https:\/\/www.poetamatusel.org\/wp-content\/uploads\/2016\/04\/dalie-di-una-domenica-sera.mp3\">https:\/\/www.poetamatusel.org\/wp-content\/uploads\/2016\/04\/dalie-di-una-domenica-sera.mp3<\/a><\/audio>\n<p>&nbsp;<\/p>\n<p style=\"padding-top:150px;\">\n<p><span style=\"font-family:'Arial Narrow Special G1';font-size:small;\">Copyright \u00a9 2012-2014 Guido Comin PoetaMatus\u00e8l &#8211;  Belluno, Italy. All rights reserved.<\/span><\/p>\n<p>&nbsp;<\/p>\n<p>&nbsp;<\/p>\n<p>&nbsp;<\/p>\n<p>.<\/p>\n","protected":false},"excerpt":{"rendered":"<p>&nbsp; &nbsp; A Desara, una ragazza vera &nbsp; Desara \u00e8 un aspirare ad altri, lontani lidi; \u00e8 un dolce dondol\u00eco di dalie in un giardino, di sera, una domenica. Desara \u00e8 un desinare di dolci frutti esotici, di datteri e delizie di altre sponde e mare; \u00e8 un dolce distillato di cuore buono, lacrime, di [&hellip;]<\/p>\n","protected":false},"author":2,"featured_media":0,"comment_status":"open","ping_status":"open","sticky":false,"template":"","format":"standard","meta":{"footnotes":""},"categories":[5,13,6],"tags":[222,550,723,733,739,771,742,819,842,1150,1218,1254,1518,1688,1925,2230,2496,2763,2788],"class_list":["post-2783","post","type-post","status-publish","format-standard","hentry","category-poesia-contemporanea-2","category-poesia-italiana","category-poetry-poesia","tag-aspirazione","tag-chitarra","tag-cuore-buono","tag-dalie","tag-datteri","tag-desiderio","tag-desiree","tag-distillato","tag-domenica-sera","tag-frutti-esotici","tag-giardino","tag-giovinezza-lontana","tag-lacrime","tag-mare","tag-nostalgia","tag-poesia-damore","tag-rimpianto","tag-sor","tag-sponde"],"_links":{"self":[{"href":"https:\/\/www.poetamatusel.org\/index.php?rest_route=\/wp\/v2\/posts\/2783","targetHints":{"allow":["GET"]}}],"collection":[{"href":"https:\/\/www.poetamatusel.org\/index.php?rest_route=\/wp\/v2\/posts"}],"about":[{"href":"https:\/\/www.poetamatusel.org\/index.php?rest_route=\/wp\/v2\/types\/post"}],"author":[{"embeddable":true,"href":"https:\/\/www.poetamatusel.org\/index.php?rest_route=\/wp\/v2\/users\/2"}],"replies":[{"embeddable":true,"href":"https:\/\/www.poetamatusel.org\/index.php?rest_route=%2Fwp%2Fv2%2Fcomments&post=2783"}],"version-history":[{"count":0,"href":"https:\/\/www.poetamatusel.org\/index.php?rest_route=\/wp\/v2\/posts\/2783\/revisions"}],"wp:attachment":[{"href":"https:\/\/www.poetamatusel.org\/index.php?rest_route=%2Fwp%2Fv2%2Fmedia&parent=2783"}],"wp:term":[{"taxonomy":"category","embeddable":true,"href":"https:\/\/www.poetamatusel.org\/index.php?rest_route=%2Fwp%2Fv2%2Fcategories&post=2783"},{"taxonomy":"post_tag","embeddable":true,"href":"https:\/\/www.poetamatusel.org\/index.php?rest_route=%2Fwp%2Fv2%2Ftags&post=2783"}],"curies":[{"name":"wp","href":"https:\/\/api.w.org\/{rel}","templated":true}]}}