{"id":2716,"date":"2012-10-16T23:36:56","date_gmt":"2012-10-16T21:36:56","guid":{"rendered":"http:\/\/poetamatusel.wordpress.com\/?p=2716"},"modified":"2012-10-16T23:36:56","modified_gmt":"2012-10-16T21:36:56","slug":"a-una-mara-non-marina","status":"publish","type":"post","link":"https:\/\/www.poetamatusel.org\/?p=2716","title":{"rendered":"A UNA MARA&#8230; NON  MARINA!"},"content":{"rendered":"<p><a href=\"https:\/\/www.poetamatusel.org\/wp-content\/uploads\/2012\/10\/dolcezza-indicibile-marron-glacc3a9-foto-guido-comin-1.jpg\"><img loading=\"lazy\" decoding=\"async\" src=\"https:\/\/www.poetamatusel.org\/wp-content\/uploads\/2012\/10\/dolcezza-indicibile-marron-glacc3a9-foto-guido-comin-1.jpg\" alt=\"\" title=\"Dolcezza indicibile: marron glac\u00e9 - Foto Guido Comin\" width=\"640\" height=\"480\" class=\"alignleft size-full wp-image-2717\" \/><\/a><\/p>\n<p>&nbsp;<\/p>\n<p style=\"padding-top:30px;\">\n<p style=\"padding-left:60px;\">Oh, cara Mara, \u00e8 amaro mare,<br \/>\nquando senza te rimango,<br \/>\nsenza te, che, di montagna,<br \/>\nnon puoi essere marina<br \/>\ne nemmeno sei maretta,<br \/>\nbens\u00ec marea immane, forte,<br \/>\nirresistibile, magma munifico!<br \/>\nOra per\u00f2 rimango senza te,<br \/>\npersino senza un \u2026 <i>marron glac\u00e9<\/i>,<br \/>\nper minimamente consolarmi!<\/p>\n<p style=\"padding-top:50px;\">\n<p><a href=\"https:\/\/www.poetamatusel.org\/wp-content\/uploads\/2012\/10\/mangiati-tutti-foto-guido-comin-1.jpg\"><img loading=\"lazy\" decoding=\"async\" src=\"https:\/\/www.poetamatusel.org\/wp-content\/uploads\/2012\/10\/mangiati-tutti-foto-guido-comin-1.jpg?w=300\" alt=\"Chi li mangiati tutti? - Foto Guido Comin\" title=\"Chi li mangiati tutti? - Foto Guido Comin\" width=\"400\" height=\"325\" class=\"alignright size-medium wp-image-2718\" \/><\/a><\/p>\n<p>&nbsp;<\/p>\n<p style=\"padding-top:350px;\">\n<p><span style=\"font-family:'Arial Narrow Special G1';font-size:x-small;\">Copyright \u00a9 2012 Guido Comin \u2013 Belluno, Italy. All rights reserved.<\/span><\/p>\n<p>.<\/p>\n","protected":false},"excerpt":{"rendered":"<p>&nbsp; Oh, cara Mara, \u00e8 amaro mare, quando senza te rimango, senza te, che, di montagna, non puoi essere marina e nemmeno sei maretta, bens\u00ec marea immane, forte, irresistibile, magma munifico! Ora per\u00f2 rimango senza te, persino senza un \u2026 marron glac\u00e9, per minimamente consolarmi! &nbsp; Copyright \u00a9 2012 Guido Comin \u2013 Belluno, Italy. All [&hellip;]<\/p>\n","protected":false},"author":1,"featured_media":0,"comment_status":"open","ping_status":"open","sticky":false,"template":"","format":"standard","meta":{"footnotes":""},"categories":[13,6],"tags":[837,1233,1266,1269,1546,1653,1692,1693,1706,1707,2622,2910],"class_list":["post-2716","post","type-post","status-publish","format-standard","hentry","category-poesia-italiana","category-poetry-poesia","tag-dolcezza","tag-gioco-di-parole","tag-gola","tag-golosita","tag-leccornia","tag-magma-vulcanico","tag-marea","tag-maretta","tag-marroni-canditi","tag-marrons-glaces","tag-scherzo-poetico","tag-tentazione"],"_links":{"self":[{"href":"https:\/\/www.poetamatusel.org\/index.php?rest_route=\/wp\/v2\/posts\/2716","targetHints":{"allow":["GET"]}}],"collection":[{"href":"https:\/\/www.poetamatusel.org\/index.php?rest_route=\/wp\/v2\/posts"}],"about":[{"href":"https:\/\/www.poetamatusel.org\/index.php?rest_route=\/wp\/v2\/types\/post"}],"author":[{"embeddable":true,"href":"https:\/\/www.poetamatusel.org\/index.php?rest_route=\/wp\/v2\/users\/1"}],"replies":[{"embeddable":true,"href":"https:\/\/www.poetamatusel.org\/index.php?rest_route=%2Fwp%2Fv2%2Fcomments&post=2716"}],"version-history":[{"count":0,"href":"https:\/\/www.poetamatusel.org\/index.php?rest_route=\/wp\/v2\/posts\/2716\/revisions"}],"wp:attachment":[{"href":"https:\/\/www.poetamatusel.org\/index.php?rest_route=%2Fwp%2Fv2%2Fmedia&parent=2716"}],"wp:term":[{"taxonomy":"category","embeddable":true,"href":"https:\/\/www.poetamatusel.org\/index.php?rest_route=%2Fwp%2Fv2%2Fcategories&post=2716"},{"taxonomy":"post_tag","embeddable":true,"href":"https:\/\/www.poetamatusel.org\/index.php?rest_route=%2Fwp%2Fv2%2Ftags&post=2716"}],"curies":[{"name":"wp","href":"https:\/\/api.w.org\/{rel}","templated":true}]}}