{"id":2389,"date":"2012-08-11T21:13:46","date_gmt":"2012-08-11T19:13:46","guid":{"rendered":"http:\/\/poetamatusel.wordpress.com\/?p=2389"},"modified":"2012-08-11T21:13:46","modified_gmt":"2012-08-11T19:13:46","slug":"uber-sand-und-meer","status":"publish","type":"post","link":"https:\/\/www.poetamatusel.org\/?p=2389","title":{"rendered":"\u00dcBER SAND UND MEER"},"content":{"rendered":"<p><a href=\"https:\/\/www.poetamatusel.org\/wp-content\/uploads\/2012\/08\/cercare-per-tutta-la-cittc3a0-foto-guido-comin-1.jpg\"><img loading=\"lazy\" decoding=\"async\" src=\"https:\/\/www.poetamatusel.org\/wp-content\/uploads\/2012\/08\/cercare-per-tutta-la-cittc3a0-foto-guido-comin-1.jpg\" alt=\"\" title=\"\u00dcber die ganze Stadt - Photo Guido Comin\" width=\"614\" height=\"492\" class=\"alignleft size-full wp-image-2390\" \/><\/a><\/p>\n<p style=\"padding-top:470px;\">\n<p style=\"padding-left:60px;\">\u00dcber die ganze Stadt<br \/>\nwerde ich dich suchen,<br \/>\nobwohl ich wei\u00df schon,<br \/>\ndass ich werde dich<br \/>\nnicht finden, nicht einmal<br \/>\nwenn ich fliegen k\u00f6nnte,<br \/>\nwie diese Mittelmeerm\u00f6we.<br \/>\nDoch weiter <b>muss<\/b>  ich suchen,<br \/>\ndahin, wo deine Sonne ist roter:<br \/>\ndas <b>darf<\/b>  ich nicht vermeiden!\n<\/p>\n<p style=\"padding-top:30px;\">\n<p><a href=\"https:\/\/www.poetamatusel.org\/wp-content\/uploads\/2012\/08\/alba-per-tramonto-foto-guido-comin.jpg\"><img loading=\"lazy\" decoding=\"async\" src=\"https:\/\/www.poetamatusel.org\/wp-content\/uploads\/2012\/08\/alba-per-tramonto-foto-guido-comin.jpg\" alt=\"\" title=\"Wo deine Sonne ist roter - Photo Guido Comin\" width=\"514\" height=\"348\" class=\"alignright wp-image-2391\" \/><\/a><\/p>\n<p style=\"padding-top:350px;\">\n<p><a href='https:\/\/www.poetamatusel.org\/wp-content\/uploads\/2012\/08\/ueber-sand-und-meer.mp3'><\/p>\n<h4>\n<p style=\"padding-left:80px;\">@UDIO * PoetaMatusel liest \u00dcBER SAND UND MEER *<\/p>\n<\/h4>\n<p><\/a><\/p>\n<p style=\"padding-top:70px;\">\n<p><span style=\"font-family:'Arial Narrow Special G1';font-size:x-small;\">Copyright \u00a9 2012 Guido Comin \u2013 Belluno, Italy. All rights reserved.<\/span><\/p>\n<p>.<\/p>\n","protected":false},"excerpt":{"rendered":"<p>\u00dcber die ganze Stadt werde ich dich suchen, obwohl ich wei\u00df schon, dass ich werde dich nicht finden, nicht einmal wenn ich fliegen k\u00f6nnte, wie diese Mittelmeerm\u00f6we. Doch weiter muss ich suchen, dahin, wo deine Sonne ist roter: das darf ich nicht vermeiden! @UDIO * PoetaMatusel liest \u00dcBER SAND UND MEER * Copyright \u00a9 2012 [&hellip;]<\/p>\n","protected":false},"author":1,"featured_media":0,"comment_status":"open","ping_status":"open","sticky":false,"template":"","format":"standard","meta":{"footnotes":""},"categories":[9,6],"tags":[1580,1731,1784,2554,2590,2660,2823,2841],"class_list":["post-2389","post","type-post","status-publish","format-standard","hentry","category-deutsche-gedichte","category-poetry-poesia","tag-liebesgedicht","tag-meer","tag-mittelmeermowe","tag-rote-sonne","tag-sand","tag-sehsucht","tag-strand","tag-suche"],"_links":{"self":[{"href":"https:\/\/www.poetamatusel.org\/index.php?rest_route=\/wp\/v2\/posts\/2389","targetHints":{"allow":["GET"]}}],"collection":[{"href":"https:\/\/www.poetamatusel.org\/index.php?rest_route=\/wp\/v2\/posts"}],"about":[{"href":"https:\/\/www.poetamatusel.org\/index.php?rest_route=\/wp\/v2\/types\/post"}],"author":[{"embeddable":true,"href":"https:\/\/www.poetamatusel.org\/index.php?rest_route=\/wp\/v2\/users\/1"}],"replies":[{"embeddable":true,"href":"https:\/\/www.poetamatusel.org\/index.php?rest_route=%2Fwp%2Fv2%2Fcomments&post=2389"}],"version-history":[{"count":0,"href":"https:\/\/www.poetamatusel.org\/index.php?rest_route=\/wp\/v2\/posts\/2389\/revisions"}],"wp:attachment":[{"href":"https:\/\/www.poetamatusel.org\/index.php?rest_route=%2Fwp%2Fv2%2Fmedia&parent=2389"}],"wp:term":[{"taxonomy":"category","embeddable":true,"href":"https:\/\/www.poetamatusel.org\/index.php?rest_route=%2Fwp%2Fv2%2Fcategories&post=2389"},{"taxonomy":"post_tag","embeddable":true,"href":"https:\/\/www.poetamatusel.org\/index.php?rest_route=%2Fwp%2Fv2%2Ftags&post=2389"}],"curies":[{"name":"wp","href":"https:\/\/api.w.org\/{rel}","templated":true}]}}