{"id":2348,"date":"2012-07-20T17:27:17","date_gmt":"2012-07-20T15:27:17","guid":{"rendered":"http:\/\/poetamatusel.wordpress.com\/?p=2348"},"modified":"2012-07-20T17:27:17","modified_gmt":"2012-07-20T15:27:17","slug":"quando-sarete-stufi-di-essere-stufi-la-vostra-vita-cambiera-anthony-de-mello","status":"publish","type":"post","link":"https:\/\/www.poetamatusel.org\/?p=2348","title":{"rendered":"&#8220;Quando sarete stufi di essere stufi, la vostra vita cambier\u00e0!&#8221; (Anthony De Mello)"},"content":{"rendered":"<p><a href=\"https:\/\/www.poetamatusel.org\/wp-content\/uploads\/2012\/07\/guido-armato.jpg\"><img loading=\"lazy\" decoding=\"async\" src=\"https:\/\/www.poetamatusel.org\/wp-content\/uploads\/2012\/07\/guido-armato.jpg\" alt=\"\" title=\"PoetaMatusel ridiventa PoetaPAZZO * Armato &amp; Pericoloso! - Autoscatto\" width=\"614\" height=\"618\" class=\"alignleft size-full wp-image-2349\" srcset=\"https:\/\/www.poetamatusel.org\/wp-content\/uploads\/2012\/07\/guido-armato.jpg 2423w, https:\/\/www.poetamatusel.org\/wp-content\/uploads\/2012\/07\/guido-armato-150x150.jpg 150w, https:\/\/www.poetamatusel.org\/wp-content\/uploads\/2012\/07\/guido-armato-298x300.jpg 298w, https:\/\/www.poetamatusel.org\/wp-content\/uploads\/2012\/07\/guido-armato-768x773.jpg 768w, https:\/\/www.poetamatusel.org\/wp-content\/uploads\/2012\/07\/guido-armato-1017x1024.jpg 1017w\" sizes=\"auto, (max-width: 614px) 100vw, 614px\" \/><\/a><\/p>\n<p style=\"padding-top:570px;\">\n<h5>\n<p style=\"padding-left:10px;\">BUONGIORNO A TUTTI!!<\/p>\n<\/h5>\n<h5>\n<p style=\"padding-left:10px;\">Chi mi conosce sa che io di solito non mi esprimo in questi termini, ma ora devo proprio dire che MI SONO IRRIMEDIABILMENTE ROTTO I COGLIONI con questo Paese e con le merde di politici, presenti e passati, che ci governano e ci hanno governati!!! Oggi avrei proprio voglia di far fuori qualcuno, se solo sapessi dove piantare la lama e se bastasse ammazzarne uno, per risolvere tutto, ma purtroppo non \u00e8 cos\u00ec semplice.<\/p>\n<\/h5>\n<h5>\n<p style=\"padding-left:10px;\">Nel momento stesso in cui oggi si sentiva alla radio che MONTI promette che non si far\u00e0 nessuna PATRIMONIALE \u2013 stramaledizione!!! \u2013 io vengo a sapere che il mio datore di lavoro attuale, la ULLS 10 \u2013 Veneto Orientale (San Don\u00e0 di Piave \u2013 VE) a partire dal mese di agosto, cio\u00e8 con 10 giorni di preavviso, ci TRIPLICHERA\u2019 \u2013 s\u00ec x3!! \u2013 l\u2019affitto  della stanza condivisa, che dal 1.o maggio occupo in foresteria. <\/p>\n<\/h5>\n<h5>\n<p style=\"padding-left:10px;\">Di questo affitto avevo, ovviamente, tenuto conto nel valutare se valesse la pena o meno accettare un contratto di soli 5 mesi, spostandomi praticamente a Jesolo per quei mesi. Chiss\u00e0 SE e QUANDO gli Italiani si sveglieranno e diranno finalmente BASTA a questi interminabili soprusi??! <\/p>\n<\/h5>\n<h5>\n<p style=\"padding-left:10px;\">Per quanto mi riguarda, SONO NEROOOOOOO!!!!!!!!!!!!!!!!!!!!!!!!!!!!! E perci\u00f2 pi\u00f9 convinto che mai che mi toccher\u00e0 di nuovo EMIGRARE!!! VAFFANCULOOOOOOOOOOOO!!!!!!!!!<\/p>\n<\/h5>\n<h5>\n<p style=\"padding-left:10px;\">Poeta-Completamente-Fuori-di-Testa&#8211;altro-che-Matusel !!<\/p>\n<\/h5>\n<h6>\n<p style=\"padding-top:60px;\">\n<\/h6>\n<p>.<\/p>\n","protected":false},"excerpt":{"rendered":"<p>BUONGIORNO A TUTTI!! Chi mi conosce sa che io di solito non mi esprimo in questi termini, ma ora devo proprio dire che MI SONO IRRIMEDIABILMENTE ROTTO I COGLIONI con questo Paese e con le merde di politici, presenti e passati, che ci governano e ci hanno governati!!! Oggi avrei proprio voglia di far fuori [&hellip;]<\/p>\n","protected":false},"author":1,"featured_media":0,"comment_status":"open","ping_status":"open","sticky":false,"template":"","format":"standard","meta":{"footnotes":""},"categories":[8],"tags":[],"class_list":["post-2348","post","type-post","status-publish","format-standard","hentry","category-uncategorized"],"_links":{"self":[{"href":"https:\/\/www.poetamatusel.org\/index.php?rest_route=\/wp\/v2\/posts\/2348","targetHints":{"allow":["GET"]}}],"collection":[{"href":"https:\/\/www.poetamatusel.org\/index.php?rest_route=\/wp\/v2\/posts"}],"about":[{"href":"https:\/\/www.poetamatusel.org\/index.php?rest_route=\/wp\/v2\/types\/post"}],"author":[{"embeddable":true,"href":"https:\/\/www.poetamatusel.org\/index.php?rest_route=\/wp\/v2\/users\/1"}],"replies":[{"embeddable":true,"href":"https:\/\/www.poetamatusel.org\/index.php?rest_route=%2Fwp%2Fv2%2Fcomments&post=2348"}],"version-history":[{"count":0,"href":"https:\/\/www.poetamatusel.org\/index.php?rest_route=\/wp\/v2\/posts\/2348\/revisions"}],"wp:attachment":[{"href":"https:\/\/www.poetamatusel.org\/index.php?rest_route=%2Fwp%2Fv2%2Fmedia&parent=2348"}],"wp:term":[{"taxonomy":"category","embeddable":true,"href":"https:\/\/www.poetamatusel.org\/index.php?rest_route=%2Fwp%2Fv2%2Fcategories&post=2348"},{"taxonomy":"post_tag","embeddable":true,"href":"https:\/\/www.poetamatusel.org\/index.php?rest_route=%2Fwp%2Fv2%2Ftags&post=2348"}],"curies":[{"name":"wp","href":"https:\/\/api.w.org\/{rel}","templated":true}]}}