{"id":1944,"date":"2011-11-06T12:22:33","date_gmt":"2011-11-06T11:22:33","guid":{"rendered":"http:\/\/poetapazzo.wordpress.com\/?p=1944"},"modified":"2011-11-06T12:22:33","modified_gmt":"2011-11-06T11:22:33","slug":"marmelata-de-zhuca","status":"publish","type":"post","link":"https:\/\/www.poetamatusel.org\/?p=1944","title":{"rendered":"MARMELATA DE ZHUCA"},"content":{"rendered":"<p>&nbsp;<\/p>\n<table width=\"999\" border=\"0\" cellpadding=\"2\" cellspacing=\"0\">\n<tbody>\n<p><a href=\"https:\/\/www.poetamatusel.org\/wp-content\/uploads\/2011\/11\/sany5809.jpg\"><img loading=\"lazy\" decoding=\"async\" class=\"alignleft size-full wp-image-1945\" title=\"La marmelata de zhuca de Silva - Foto Guido Comin PoetaMatus\u00e8l\" src=\"https:\/\/www.poetamatusel.org\/wp-content\/uploads\/2011\/11\/sany5809.jpg\" alt=\"\" width=\"538\" height=\"403\" srcset=\"https:\/\/www.poetamatusel.org\/wp-content\/uploads\/2011\/11\/sany5809.jpg 3264w, https:\/\/www.poetamatusel.org\/wp-content\/uploads\/2011\/11\/sany5809-300x225.jpg 300w, https:\/\/www.poetamatusel.org\/wp-content\/uploads\/2011\/11\/sany5809-768x576.jpg 768w, https:\/\/www.poetamatusel.org\/wp-content\/uploads\/2011\/11\/sany5809-1024x768.jpg 1024w\" sizes=\"auto, (max-width: 538px) 100vw, 538px\" \/><\/a><\/p>\n<tr>\n<td valign=\"top\" width=\"999\"><\/td>\n<\/tr>\n<\/tbody>\n<\/table>\n<p>&nbsp;<\/p>\n<p style=\"padding-left:150px;\"><em>A Debora<\/em><\/p>\n<p>&nbsp;<\/p>\n<p style=\"padding-left:40px;\">Ho fat tanta strada par ti,<br \/>\npar sentir la to banda,<br \/>\nriv\u00e0 sol par doi marce,<br \/>\nma proprio le ultime doi!<br \/>\nMa ho cat\u00e0 \u2019n bel soriso,<br \/>\nche sol te regala la musica;<br \/>\ngente simpatica e can;<br \/>\nmarmelata de zhuca\u2026<\/p>\n<p>&nbsp;<\/p>\n<p style=\"padding-left:40px;\">Quanti ricordi che torna<br \/>\nte la testa, \u2019na sera,<br \/>\nricordi de me nona Gusta,<br \/>\nche fea la zuca tel forno,<br \/>\n(che bona!) e mi che, \u2019ncora<br \/>\nboceta, non cap\u00ece che che<br \/>\n\u2019ste zhuche benedete le podea<br \/>\naver fat par\u2026 eser &#8220;SANTE&#8221;!<\/p>\n<p>&nbsp;<br \/>\n&nbsp;<\/p>\n<table width=\"999\" border=\"0\" cellpadding=\"2\" cellspacing=\"0\">\n<tbody>\n<p><a href=\"https:\/\/www.poetamatusel.org\/wp-content\/uploads\/2011\/11\/sany5815.jpg\"><img loading=\"lazy\" decoding=\"async\" class=\"aligncenter wp-image-1947\" title=\"Zucche cosiddette 'sante' - Foto Guido Comin PoetaMatus\u00e8l\" src=\"https:\/\/www.poetamatusel.org\/wp-content\/uploads\/2011\/11\/sany5815.jpg?w=300\" alt=\"\" width=\"500\" height=\"415\" \/><\/a><\/p>\n<tr>\n<td valign=\"top\" width=\"999\"><\/td>\n<\/tr>\n<\/tbody>\n<\/table>\n<p>&nbsp;<\/p>\n<p><a href=\"https:\/\/www.poetamatusel.org\/wp-content\/uploads\/2012\/10\/icon-for-audio-files.jpg\"><img loading=\"lazy\" decoding=\"async\" src=\"https:\/\/www.poetamatusel.org\/wp-content\/uploads\/2012\/10\/icon-for-audio-files.jpg\" alt=\"\" title=\"AUDIO * FILE * AUDIO\" width=\"35\" height=\"35\" class=\"alignleft wp-image-2897\" \/><\/a>  <strong>PoetaMatus\u00e8l legge<br \/>\nMARMELATA DE ZHUCA<\/strong>  <\/p>\n\n<p>&nbsp;<br \/>\n&nbsp;<\/p>\n<table width=\"999\" border=\"0\" cellpadding=\"2\" cellspacing=\"0\">\n<tbody>\n<p><a href=\"https:\/\/www.poetamatusel.org\/wp-content\/uploads\/2011\/11\/280231_10150243416482549_683902548_7682667_6289694_o.jpg\"><img loading=\"lazy\" decoding=\"async\" class=\"alignleft size-large wp-image-1951\" title=\"Guidino con nona Gusta - anni '50\" src=\"https:\/\/www.poetamatusel.org\/wp-content\/uploads\/2011\/11\/280231_10150243416482549_683902548_7682667_6289694_o.jpg?w=300\" alt=\"\" width=\"450\" height=\"358\" \/><\/a><\/p>\n<tr>\n<td valign=\"top\" width=\"999\"><\/td>\n<\/tr>\n<\/tbody>\n<\/table>\n<p><b>Il giovanissimo PoetaMatus\u00e8l, allora Guidino, con &#8216;nona Gusta&#8217;- anni &#8217;50 <\/b><\/p>\n<p>&nbsp;<\/p>\n<p><a href=\"https:\/\/www.poetamatusel.org\/wp-content\/uploads\/2013\/10\/facebook-logo-very-small.jpg\"><img loading=\"lazy\" decoding=\"async\" src=\"https:\/\/www.poetamatusel.org\/wp-content\/uploads\/2013\/10\/facebook-logo-very-small.jpg\" alt=\"FACEBOOK-logo-very-small\" width=\"34\" height=\"33\" class=\"alignleft wp-image-3813\" \/><\/a><strong>Altre foto d&#8217;epoca puoi trovarle qui:<\/strong><\/p>\n<p><a href=\"http:\/\/www.facebook.com\/media\/set\/?set=a.10150243416292549.324702.683902548&amp;type=3\" target=\"_blank\">http:\/\/www.facebook.com\/media\/set\/?set=a.10150243416292549.324702.683902548&amp;type=3<\/a><\/p>\n<p>&nbsp;<br \/>\n&nbsp;<br \/>\n&nbsp;<br \/>\n&nbsp;<\/p>\n<p><a href=\"https:\/\/www.poetamatusel.org\/wp-content\/uploads\/2015\/04\/dscn7418.jpg\"><img loading=\"lazy\" decoding=\"async\" src=\"https:\/\/www.poetamatusel.org\/wp-content\/uploads\/2015\/04\/dscn7418.jpg?w=150\" title=\"Primule a primavera - Foto Guido Comin PoetaMatus\u00e8l\" width=\"150\" height=\"113\" class=\"alignleft size-thumbnail wp-image-4839\" \/><\/a> <\/a><\/p>\n<p style=\"padding-left:40px;\"><strong><em>Prezioso Visitatore che mi leggi, un breve commento, anche solo un saluto, scritto qui sotto &#8211; o un &#8216;Mi Piace&#8217; cliccato &#8211; non ti costa che un piccolissimo sforzo, per\u00f2 far\u00e0 un GRANDE piacere a me, quando lo legger\u00f2! Grazie. <\/em> &nbsp; :O)<\/strong> <\/p>\n<p>&nbsp;<\/p>\n<p style=\"padding-top:150px;\">\n<p><span style=\"font-family:'Arial Narrow Special G1';font-size:small;\">Copyright \u00a9 2011 Guido Comin PoetaMatus\u00e8l &#8211;  Belluno, Italy. All rights reserved.<\/span><\/p>\n<p>&nbsp;<\/p>\n<p>&nbsp;<\/p>\n<p>&nbsp;<\/p>\n<p>.<\/p>\n","protected":false},"excerpt":{"rendered":"<p>&nbsp; &nbsp; A Debora &nbsp; Ho fat tanta strada par ti, par sentir la to banda, riv\u00e0 sol par doi marce, ma proprio le ultime doi! Ma ho cat\u00e0 \u2019n bel soriso, che sol te regala la musica; gente simpatica e can; marmelata de zhuca\u2026 &nbsp; Quanti ricordi che torna te la testa, \u2019na sera, [&hellip;]<\/p>\n","protected":false},"author":1,"featured_media":0,"comment_status":"open","ping_status":"open","sticky":false,"template":"","format":"standard","meta":{"footnotes":""},"categories":[12,6],"tags":[118,124,281,282,450,583,647,1687,1703,1853,2228,2236,2242,2576,2577,3215,3216],"class_list":["post-1944","post","type-post","status-publish","format-standard","hentry","category-poesia-dialettale-poetry-poesia","category-poetry-poesia","tag-amicizia","tag-amore","tag-banda","tag-banda-musicale","tag-caorera-di-vas","tag-clarinetto","tag-confettura-di-zucca","tag-marcia","tag-marmellata-di-zucca","tag-musica","tag-poesia-belumata","tag-poesia-dialettale-bellunese","tag-poesia-in-belumat","tag-sagra-della-zucca","tag-sagra-di-paese","tag-zucca","tag-zucca-santa"],"_links":{"self":[{"href":"https:\/\/www.poetamatusel.org\/index.php?rest_route=\/wp\/v2\/posts\/1944","targetHints":{"allow":["GET"]}}],"collection":[{"href":"https:\/\/www.poetamatusel.org\/index.php?rest_route=\/wp\/v2\/posts"}],"about":[{"href":"https:\/\/www.poetamatusel.org\/index.php?rest_route=\/wp\/v2\/types\/post"}],"author":[{"embeddable":true,"href":"https:\/\/www.poetamatusel.org\/index.php?rest_route=\/wp\/v2\/users\/1"}],"replies":[{"embeddable":true,"href":"https:\/\/www.poetamatusel.org\/index.php?rest_route=%2Fwp%2Fv2%2Fcomments&post=1944"}],"version-history":[{"count":0,"href":"https:\/\/www.poetamatusel.org\/index.php?rest_route=\/wp\/v2\/posts\/1944\/revisions"}],"wp:attachment":[{"href":"https:\/\/www.poetamatusel.org\/index.php?rest_route=%2Fwp%2Fv2%2Fmedia&parent=1944"}],"wp:term":[{"taxonomy":"category","embeddable":true,"href":"https:\/\/www.poetamatusel.org\/index.php?rest_route=%2Fwp%2Fv2%2Fcategories&post=1944"},{"taxonomy":"post_tag","embeddable":true,"href":"https:\/\/www.poetamatusel.org\/index.php?rest_route=%2Fwp%2Fv2%2Ftags&post=1944"}],"curies":[{"name":"wp","href":"https:\/\/api.w.org\/{rel}","templated":true}]}}