{"id":1723,"date":"2011-07-31T22:20:32","date_gmt":"2011-07-31T20:20:32","guid":{"rendered":"http:\/\/poetapazzo.wordpress.com\/?p=1723"},"modified":"2017-10-16T12:34:39","modified_gmt":"2017-10-16T10:34:39","slug":"con-gabriele-da","status":"publish","type":"post","link":"https:\/\/www.poetamatusel.org\/?p=1723","title":{"rendered":"CON GABRIELE D\u2019A."},"content":{"rendered":"<p>&nbsp;<\/p>\n<table width=\"999\" border=\"0\" cellpadding=\"2\" cellspacing=\"0\">\n<tbody>\n<div id=\"attachment_7216\" style=\"width: 650px\" class=\"wp-caption alignleft\"><img loading=\"lazy\" decoding=\"async\" aria-describedby=\"caption-attachment-7216\" src=\"https:\/\/www.poetamatusel.org\/wp-content\/uploads\/2011\/07\/gregge-sul-monte-serva-bl-foto-guido-comin-poetamatusc3a8l-2-1024x668.jpg\" title=\"Gregge sul Monte Serva (BL) - Foto Guido Comin PoetaMatus\u00e8l\" width=\"640\" height=\"418\" class=\"size-large wp-image-7216\" srcset=\"https:\/\/www.poetamatusel.org\/wp-content\/uploads\/2011\/07\/gregge-sul-monte-serva-bl-foto-guido-comin-poetamatusc3a8l-2-1024x668.jpg 1024w, https:\/\/www.poetamatusel.org\/wp-content\/uploads\/2011\/07\/gregge-sul-monte-serva-bl-foto-guido-comin-poetamatusc3a8l-2-300x196.jpg 300w, https:\/\/www.poetamatusel.org\/wp-content\/uploads\/2011\/07\/gregge-sul-monte-serva-bl-foto-guido-comin-poetamatusc3a8l-2-768x501.jpg 768w, https:\/\/www.poetamatusel.org\/wp-content\/uploads\/2011\/07\/gregge-sul-monte-serva-bl-foto-guido-comin-poetamatusc3a8l-2.jpg 1435w\" sizes=\"auto, (max-width: 640px) 100vw, 640px\" \/><p id=\"caption-attachment-7216\" class=\"wp-caption-text\">Gregge sul Monte Serva (BL) &#8211; Foto Guido Comin PoetaMatus\u00e8l<\/p><\/div>\n<tr>\n<td valign=\"top\" width=\"999\"><\/td>\n<\/tr>\n<\/tbody>\n<\/table>\n<p style=\"padding-left:60px;\">\u00a0<\/p>\n<p style=\"padding-left:60px;\">\u00a0<\/p>\n<p style=\"padding-left:210px;\"><em>A Mariateresa,<br \/>\n&nbsp; Alpina al campo\u00a0<\/em><\/p>\n<p>&nbsp;<\/p>\n<p style=\"padding-left:90px;\">Ottobre, andiamo,<br \/>\n\u00e8 tempo di cambiare:<br \/>\nle prime nebbie<br \/>\naccarezzano i colli.<\/p>\n<p style=\"padding-left:90px;\">In giardino non<br \/>\npi\u00f9 le tartarughe<br \/>\ne i gatti non si<br \/>\ncrogiolano al sole.<\/p>\n<p style=\"padding-left:90px;\">I campi arati<br \/>\nattendono gi\u00e0 i semi<br \/>\ne gli alpini si accampano<br \/>\nsui monti.<\/p>\n<p style=\"padding-left:90px;\">N\u00e9 pecore n\u00e9<br \/>\nverghe di avellano,<br \/>\nsolo i cani, che<br \/>\nsvegliano al mattino!<\/p>\n<p>&nbsp;<\/p>\n<p style=\"padding-top:20px;\">\n<table width=\"999\" border=\"0\" cellpadding=\"2\" cellspacing=\"0\">\n<tbody>\n<div id=\"attachment_7217\" style=\"width: 768px\" class=\"wp-caption alignleft\"><img loading=\"lazy\" decoding=\"async\" aria-describedby=\"caption-attachment-7217\" src=\"https:\/\/www.poetamatusel.org\/wp-content\/uploads\/2011\/07\/gregge-sul-nevegal-768x614-1.jpg\" title=\"Gregge sul Nevegal (BL) - Foto Horst E. Michalek\" width=\"758\" height=\"552\" class=\"size-full wp-image-7217\" srcset=\"https:\/\/www.poetamatusel.org\/wp-content\/uploads\/2011\/07\/gregge-sul-nevegal-768x614-1.jpg 758w, https:\/\/www.poetamatusel.org\/wp-content\/uploads\/2011\/07\/gregge-sul-nevegal-768x614-1-300x218.jpg 300w\" sizes=\"auto, (max-width: 758px) 100vw, 758px\" \/><p id=\"caption-attachment-7217\" class=\"wp-caption-text\">Gregge sul Nevegal (BL) &#8211; Foto Horst E. Michalek<\/p><\/div>\n<tr>\n<td valign=\"top\" width=\"999\"><\/td>\n<\/tr>\n<\/tbody>\n<\/table>\n<p>&nbsp;<\/p>\n<p><img loading=\"lazy\" decoding=\"async\" src=\"https:\/\/www.poetamatusel.org\/wp-content\/uploads\/2016\/12\/youtube-button.jpg\" alt=\"\" width=\"35\" height=\"32\" class=\"alignleft wp-image-6399\" \/><a href=\"https:\/\/www.youtube.com\/watch?v=fqXPMzzQpf4\" rel=\"noopener\" target=\"_blank\"><strong>Clicca qui, per la versione video di questa poesia!<\/strong><\/a><\/p>\n<p>&nbsp;<br \/>\n&nbsp;<br \/>\n&nbsp;<\/p>\n<p style=\"padding-top:150px;\">\n<p><span style=\"font-family:'Arial Narrow Special G1';font-size:x-small;\">Copyright \u00a9 2013 Guido Comin PoetaMatus\u00e8l &#8211;  Belluno, Italy. All rights reserved.<\/span><\/p>\n<p>&nbsp;<\/p>\n<p>&nbsp;<\/p>\n<p>&nbsp;<\/p>\n<p>.<\/p>\n","protected":false},"excerpt":{"rendered":"<p>&nbsp; \u00a0 \u00a0 A Mariateresa, &nbsp; Alpina al campo\u00a0 &nbsp; Ottobre, andiamo, \u00e8 tempo di cambiare: le prime nebbie accarezzano i colli. In giardino non pi\u00f9 le tartarughe e i gatti non si crogiolano al sole. I campi arati attendono gi\u00e0 i semi e gli alpini si accampano sui monti. N\u00e9 pecore n\u00e9 verghe di [&hellip;]<\/p>\n","protected":false},"author":1,"featured_media":0,"comment_status":"open","ping_status":"open","sticky":false,"template":"","format":"standard","meta":{"footnotes":""},"categories":[5,13,6],"tags":[3281,256,440,1171,1188,1342,1763,1795,1803,2029,2882,2970],"class_list":["post-1723","post","type-post","status-publish","format-standard","hentry","category-poesia-contemporanea-2","category-poesia-italiana","category-poetry-poesia","tag-alpini","tag-autunno","tag-cani-da-pastore","tag-gabriele-dannunzio","tag-gatti","tag-i-pastori","tag-migrare","tag-montagne","tag-monti","tag-ottobre","tag-tartarughe","tag-transumanza"],"_links":{"self":[{"href":"https:\/\/www.poetamatusel.org\/index.php?rest_route=\/wp\/v2\/posts\/1723","targetHints":{"allow":["GET"]}}],"collection":[{"href":"https:\/\/www.poetamatusel.org\/index.php?rest_route=\/wp\/v2\/posts"}],"about":[{"href":"https:\/\/www.poetamatusel.org\/index.php?rest_route=\/wp\/v2\/types\/post"}],"author":[{"embeddable":true,"href":"https:\/\/www.poetamatusel.org\/index.php?rest_route=\/wp\/v2\/users\/1"}],"replies":[{"embeddable":true,"href":"https:\/\/www.poetamatusel.org\/index.php?rest_route=%2Fwp%2Fv2%2Fcomments&post=1723"}],"version-history":[{"count":7,"href":"https:\/\/www.poetamatusel.org\/index.php?rest_route=\/wp\/v2\/posts\/1723\/revisions"}],"predecessor-version":[{"id":7223,"href":"https:\/\/www.poetamatusel.org\/index.php?rest_route=\/wp\/v2\/posts\/1723\/revisions\/7223"}],"wp:attachment":[{"href":"https:\/\/www.poetamatusel.org\/index.php?rest_route=%2Fwp%2Fv2%2Fmedia&parent=1723"}],"wp:term":[{"taxonomy":"category","embeddable":true,"href":"https:\/\/www.poetamatusel.org\/index.php?rest_route=%2Fwp%2Fv2%2Fcategories&post=1723"},{"taxonomy":"post_tag","embeddable":true,"href":"https:\/\/www.poetamatusel.org\/index.php?rest_route=%2Fwp%2Fv2%2Ftags&post=1723"}],"curies":[{"name":"wp","href":"https:\/\/api.w.org\/{rel}","templated":true}]}}