{"id":1067,"date":"2011-01-12T23:13:32","date_gmt":"2011-01-12T22:13:32","guid":{"rendered":"http:\/\/poetapazzo.wordpress.com\/?p=1067"},"modified":"2011-01-12T23:13:32","modified_gmt":"2011-01-12T22:13:32","slug":"morte-dellispirazione","status":"publish","type":"post","link":"https:\/\/www.poetamatusel.org\/?p=1067","title":{"rendered":"MORTE DELL\u2019ISPIRAZIONE"},"content":{"rendered":"<p style=\"padding-left:90px;\">&nbsp;<\/p>\n<p><img loading=\"lazy\" decoding=\"async\" class=\"alignright size-medium wp-image-1068\" title=\"Cordevole a S. Gottardo (BL) - Foto Guido Comin\" src=\"https:\/\/www.poetamatusel.org\/wp-content\/uploads\/2011\/01\/cordevole-a-s-gottardo-foto-guido-comin.jpg?w=500\" alt=\"\" width=\"500\" height=\"400\" \/><\/p>\n<p style=\"padding-left:60px;\">&nbsp;<\/p>\n<p style=\"padding-left:60px;\">&nbsp;<\/p>\n<p style=\"padding-left:120px;\">Non augurarti troppo<\/p>\n<p style=\"padding-left:120px;\">che ci\u00f2 che \u00e8 inevitabile<\/p>\n<p style=\"padding-left:120px;\">accada anche pi\u00f9 in fretta!<\/p>\n<p style=\"padding-left:120px;\">Un giorno, all\u2019improvviso,<\/p>\n<p style=\"padding-left:120px;\">non scriver\u00f2, per questa<\/p>\n<p style=\"padding-left:120px;\">grande Musa che sarai<\/p>\n<p style=\"padding-left:120px;\">stata tu, nemmeno un solo<\/p>\n<p style=\"padding-left:120px;\">&nbsp;<\/p>\n<p style=\"padding-left:120px;\">verso.<\/p>\n<p style=\"padding-left:60px;\">&nbsp;<\/p>\n<p style=\"padding-left:120px;\">Il ruscello, poi divenuto<\/p>\n<p style=\"padding-left:120px;\">fiume, torrente di parole,<\/p>\n<p style=\"padding-left:120px;\">di colpo diverr\u00e0<\/p>\n<p style=\"padding-left:120px;\">il greto del Cordevole<\/p>\n<p style=\"padding-left:120px;\">d\u2019estate, quasi secco:<\/p>\n<p style=\"padding-left:120px;\">senza l\u2019ispirazione\u00a0\u2013<\/p>\n<p style=\"padding-left:120px;\">&nbsp;<\/p>\n<p style=\"padding-left:120px;\">l\u2019ossigeno \u2013<\/p>\n<p style=\"padding-left:120px;\">&nbsp;<\/p>\n<p style=\"padding-left:120px;\">le parole, come fossero<\/p>\n<p style=\"padding-left:120px;\">trote in pozze imprigionate,<\/p>\n<p style=\"padding-left:120px;\">moriranno boccheggiando<\/p>\n<p style=\"padding-left:120px;\">in fetide acque, putride.<\/p>\n<p style=\"padding-left:60px;\">&nbsp;<\/p>\n<p style=\"padding-left:60px;\">&nbsp;<\/p>\n<p><a href=\"https:\/\/www.poetamatusel.org\/wp-content\/uploads\/2011\/01\/pozza-sul-greto-del-fiume-foto-guido-comin.jpg\"><img loading=\"lazy\" decoding=\"async\" class=\"alignright size-medium wp-image-1069\" title=\"Pozza sul greto del fiume - Foto Guido Comin\" src=\"https:\/\/www.poetamatusel.org\/wp-content\/uploads\/2011\/01\/pozza-sul-greto-del-fiume-foto-guido-comin.jpg?w=400\" alt=\"\" width=\"500\" height=\"403\" \/><\/a><\/p>\n<p class=\"MsoNormal\" style=\"line-height:100%;word-spacing:0;vertical-align:baseline;margin-left:5pt;margin-top:1px;margin-bottom:1px;\">&nbsp;<\/p>\n<p class=\"MsoNormal\" style=\"line-height:100%;word-spacing:0;vertical-align:baseline;margin-left:5pt;margin-top:1px;margin-bottom:1px;\">&nbsp;<\/p>\n<p class=\"MsoNormal\" style=\"line-height:100%;word-spacing:0;vertical-align:baseline;margin-left:5pt;margin-top:1px;margin-bottom:1px;\">&nbsp;<\/p>\n<p class=\"MsoNormal\" style=\"line-height:100%;word-spacing:0;vertical-align:baseline;margin-left:5pt;margin-top:1px;margin-bottom:1px;\">&nbsp;<\/p>\n<p class=\"MsoNormal\" style=\"line-height:100%;word-spacing:0;vertical-align:baseline;margin-left:5pt;margin-top:1px;margin-bottom:1px;\">&nbsp;<\/p>\n<p class=\"MsoNormal\" style=\"line-height:100%;word-spacing:0;vertical-align:baseline;margin-left:5pt;margin-top:1px;margin-bottom:1px;\">&nbsp;<\/p>\n<p class=\"MsoNormal\" style=\"line-height:100%;word-spacing:0;vertical-align:baseline;margin-left:5pt;margin-top:1px;margin-bottom:1px;\">&nbsp;<\/p>\n<p class=\"MsoNormal\" style=\"line-height:100%;word-spacing:0;vertical-align:baseline;margin-left:5pt;margin-top:1px;margin-bottom:1px;\">&nbsp;<\/p>\n<p class=\"MsoNormal\" style=\"line-height:100%;word-spacing:0;vertical-align:baseline;margin-left:5pt;margin-top:1px;margin-bottom:1px;\">&nbsp;<\/p>\n<p class=\"MsoNormal\" style=\"line-height:100%;word-spacing:0;vertical-align:baseline;margin-left:5pt;margin-top:1px;margin-bottom:1px;\">&nbsp;<\/p>\n<p class=\"MsoNormal\" style=\"line-height:100%;word-spacing:0;vertical-align:baseline;margin-left:5pt;margin-top:1px;margin-bottom:1px;\">&nbsp;<\/p>\n<p class=\"MsoNormal\" style=\"line-height:100%;word-spacing:0;vertical-align:baseline;margin-left:5pt;margin-top:1px;margin-bottom:1px;\">&nbsp;<\/p>\n<p class=\"MsoNormal\" style=\"line-height:100%;word-spacing:0;vertical-align:baseline;margin-left:5pt;margin-top:1px;margin-bottom:1px;\">&nbsp;<\/p>\n<p class=\"MsoNormal\" style=\"line-height:100%;word-spacing:0;vertical-align:baseline;margin-left:5pt;margin-top:1px;margin-bottom:1px;\">&nbsp;<\/p>\n<p class=\"MsoNormal\" style=\"line-height:100%;word-spacing:0;vertical-align:baseline;margin-left:5pt;margin-top:1px;margin-bottom:1px;\">&nbsp;<\/p>\n<p class=\"MsoNormal\" style=\"line-height:100%;word-spacing:0;vertical-align:baseline;margin-left:5pt;margin-top:1px;margin-bottom:1px;\">&nbsp;<\/p>\n<p class=\"MsoNormal\" style=\"line-height:100%;word-spacing:0;vertical-align:baseline;margin-left:5pt;margin-top:1px;margin-bottom:1px;\">&nbsp;<\/p>\n<p class=\"MsoNormal\" style=\"line-height:100%;word-spacing:0;vertical-align:baseline;margin-left:5pt;margin-top:1px;margin-bottom:1px;\">&nbsp;<\/p>\n<p class=\"MsoNormal\" style=\"line-height:100%;word-spacing:0;vertical-align:baseline;margin-left:5pt;margin-top:1px;margin-bottom:1px;\">&nbsp;<\/p>\n<p style=\"padding-left:60px;\">&nbsp;<\/p>\n<p style=\"padding-left:60px;\">&nbsp;<\/p>\n<p style=\"padding-left:60px;\">&nbsp;<\/p>\n<p class=\"MsoNormal\" style=\"line-height:100%;word-spacing:0;vertical-align:baseline;margin-left:5pt;margin-top:1px;margin-bottom:1px;\">Roberto Benigni su Poesia e Ispirazione, dal film &#8220;La Tigre e La Neve&#8221;:<\/p>\n<p class=\"MsoNormal\" style=\"line-height:100%;word-spacing:0;vertical-align:baseline;margin-left:5pt;margin-top:1px;margin-bottom:1px;\">&nbsp;<\/p>\n<p class=\"MsoNormal\" style=\"line-height:100%;word-spacing:0;vertical-align:baseline;margin-left:5pt;margin-top:1px;margin-bottom:1px;\"><a href=\"http:\/\/www.youtube.com\/watch?v=Phk_o91gzEU&amp;NR=1\" target=\"_blank\">http:\/\/www.youtube.com\/watch?v=Phk_o91gzEU&amp;NR=1<\/a><\/p>\n<p class=\"MsoNormal\" style=\"line-height:100%;word-spacing:0;vertical-align:baseline;margin-left:5pt;margin-top:1px;margin-bottom:1px;\">&nbsp;<\/p>\n<p class=\"MsoNormal\" style=\"line-height:100%;word-spacing:0;vertical-align:baseline;margin-left:5pt;margin-top:1px;margin-bottom:1px;\">&nbsp;<\/p>\n<p class=\"MsoNormal\" style=\"line-height:100%;word-spacing:0;vertical-align:baseline;margin-left:5pt;margin-top:1px;margin-bottom:1px;\">&nbsp;<\/p>\n<p class=\"MsoNormal\" style=\"line-height:100%;word-spacing:0;vertical-align:baseline;margin-left:5pt;margin-top:1px;margin-bottom:1px;\">&nbsp;<\/p>\n<p class=\"MsoNormal\" style=\"line-height:100%;word-spacing:0;vertical-align:baseline;margin-left:5pt;margin-top:1px;margin-bottom:1px;\">&nbsp;<\/p>\n<p style=\"padding-left:60px;\">&nbsp;<\/p>\n<p style=\"padding-left:60px;\">&nbsp;<\/p>\n<p class=\"MsoNormal\" style=\"line-height:100%;word-spacing:0;vertical-align:baseline;margin-left:5pt;margin-top:1px;margin-bottom:1px;\"><span style=\"font-family:'Arial Narrow Special G1';font-size:x-small;\">Copyright \u00a9 2011 Guido Comin \u2013 Belluno, Italy. All rights reserved.<\/span><\/p>\n<p class=\"MsoNormal\" style=\"line-height:100%;word-spacing:0;vertical-align:baseline;margin-left:5pt;margin-top:1px;margin-bottom:1px;padding-left:30px;\">&nbsp;<\/p>\n<p class=\"MsoNormal\" style=\"line-height:100%;word-spacing:0;vertical-align:baseline;margin-left:5pt;margin-top:1px;margin-bottom:1px;\">&nbsp;<\/p>\n<p class=\"MsoNormal\" style=\"line-height:100%;word-spacing:0;vertical-align:baseline;margin-left:5pt;margin-top:1px;margin-bottom:1px;\">&nbsp;<\/p>\n<p class=\"MsoNormal\" style=\"line-height:100%;word-spacing:0;vertical-align:baseline;margin-left:5pt;margin-top:1px;margin-bottom:1px;\">&nbsp;<\/p>\n<p class=\"MsoNormal\" style=\"line-height:100%;word-spacing:0;vertical-align:baseline;margin-left:5pt;margin-top:1px;margin-bottom:1px;\"><span style=\"font-family:'Arial Narrow Special G1';font-size:x-small;\">.<\/span><\/p>\n<p class=\"MsoNormal\" style=\"line-height:100%;word-spacing:0;vertical-align:baseline;margin-left:5pt;margin-top:1px;margin-bottom:1px;\">&nbsp;<\/p>\n<p class=\"MsoNormal\" style=\"line-height:100%;word-spacing:0;vertical-align:baseline;margin-left:5pt;margin-top:1px;margin-bottom:1px;\">&nbsp;<\/p>\n","protected":false},"excerpt":{"rendered":"<p>&nbsp; &nbsp; &nbsp; Non augurarti troppo che ci\u00f2 che \u00e8 inevitabile accada anche pi\u00f9 in fretta! Un giorno, all\u2019improvviso, non scriver\u00f2, per questa grande Musa che sarai stata tu, nemmeno un solo &nbsp; verso. &nbsp; Il ruscello, poi divenuto fiume, torrente di parole, di colpo diverr\u00e0 il greto del Cordevole d\u2019estate, quasi secco: senza l\u2019ispirazione\u00a0\u2013 [&hellip;]<\/p>\n","protected":false},"author":1,"featured_media":0,"comment_status":"open","ping_status":"open","sticky":false,"template":"","format":"standard","meta":{"footnotes":""},"categories":[6],"tags":[841,1032,1075,1294,1469,1514,1675,1845,2082,2223,2306,2337,2391,2533,2709,2945,2971,2994],"class_list":["post-1067","post","type-post","status-publish","format-standard","hentry","category-poetry-poesia","tag-dolore","tag-felicita","tag-fiume","tag-greto","tag-ispirazione","tag-la-tigre-e-la-neve","tag-mancanza-di-ispirazione","tag-musa","tag-parole","tag-poesia","tag-pozza","tag-prigione","tag-putrefazione","tag-roberto-benigni","tag-siccita","tag-torrente","tag-trappola","tag-trote"],"_links":{"self":[{"href":"https:\/\/www.poetamatusel.org\/index.php?rest_route=\/wp\/v2\/posts\/1067","targetHints":{"allow":["GET"]}}],"collection":[{"href":"https:\/\/www.poetamatusel.org\/index.php?rest_route=\/wp\/v2\/posts"}],"about":[{"href":"https:\/\/www.poetamatusel.org\/index.php?rest_route=\/wp\/v2\/types\/post"}],"author":[{"embeddable":true,"href":"https:\/\/www.poetamatusel.org\/index.php?rest_route=\/wp\/v2\/users\/1"}],"replies":[{"embeddable":true,"href":"https:\/\/www.poetamatusel.org\/index.php?rest_route=%2Fwp%2Fv2%2Fcomments&post=1067"}],"version-history":[{"count":0,"href":"https:\/\/www.poetamatusel.org\/index.php?rest_route=\/wp\/v2\/posts\/1067\/revisions"}],"wp:attachment":[{"href":"https:\/\/www.poetamatusel.org\/index.php?rest_route=%2Fwp%2Fv2%2Fmedia&parent=1067"}],"wp:term":[{"taxonomy":"category","embeddable":true,"href":"https:\/\/www.poetamatusel.org\/index.php?rest_route=%2Fwp%2Fv2%2Fcategories&post=1067"},{"taxonomy":"post_tag","embeddable":true,"href":"https:\/\/www.poetamatusel.org\/index.php?rest_route=%2Fwp%2Fv2%2Ftags&post=1067"}],"curies":[{"name":"wp","href":"https:\/\/api.w.org\/{rel}","templated":true}]}}